{"id":16315,"date":"2025-04-16T18:19:23","date_gmt":"2025-04-16T16:19:23","guid":{"rendered":"https:\/\/wgphoto.pl\/t\/?p=16315"},"modified":"2025-04-16T18:19:23","modified_gmt":"2025-04-16T16:19:23","slug":"raj-dla-pieszych-i-tramwajow","status":"publish","type":"post","link":"http:\/\/wgphoto.pl\/t\/?p=16315","title":{"rendered":"Raj dla pieszych i tramwaj\u00f3w"},"content":{"rendered":"\n<figure class=\"wp-block-image aligncenter size-full\"><img loading=\"lazy\" decoding=\"async\" width=\"1200\" height=\"795\" src=\"https:\/\/wgphoto.pl\/t\/wp-content\/uploads\/2025\/04\/IMGP7317.jpg\" alt=\"\" class=\"wp-image-16316\" srcset=\"http:\/\/wgphoto.pl\/t\/wp-content\/uploads\/2025\/04\/IMGP7317.jpg 1200w, http:\/\/wgphoto.pl\/t\/wp-content\/uploads\/2025\/04\/IMGP7317-300x199.jpg 300w, http:\/\/wgphoto.pl\/t\/wp-content\/uploads\/2025\/04\/IMGP7317-768x509.jpg 768w\" sizes=\"auto, (max-width: 1200px) 100vw, 1200px\" \/><\/figure>\n\n\n\n<div class=\"wp-block-group has-global-padding is-layout-constrained wp-block-group-is-layout-constrained\">\n<p>Bazylea, Steinenberg, z zabudowaniami Starego Miasta w tle. Pewnie \u017ce dra\u017cni mnie ten typ z lewej strony, ale po wielu podej\u015bciach do tego uj\u0119cia skapitulowa\u0142em. Jak to w strefie mocno uspokojonego ruchu bywa &#8211; pieszych by\u0142o tutaj mn\u00f3stwo, ale nie oni stanowili najwi\u0119kszy problem. Najwi\u0119cej podej\u015b\u0107 zepsu\u0142y mi\u2026 tramwaje jad\u0105ce w przeciwnym kierunku, gdy\u017c ruch pojazd\u00f3w szynowych jest tu bardzo g\u0119sty. Raj dla pieszych i tramwaj\u00f3w czasami nie jest wiec rajem dla fotografa, mimo \u017ce sceneria kusi. \ud83d\ude09 22.03.2018<\/p>\n<\/div>\n","protected":false},"excerpt":{"rendered":"<p>Bazylea, Steinenberg, z zabudowaniami Starego Miasta w tle. Pewnie \u017ce dra\u017cni mnie ten typ z lewej strony, ale po wielu podej\u015bciach do tego uj\u0119cia skapitulowa\u0142em. Jak to w strefie mocno uspokojonego ruchu bywa &#8211; pieszych by\u0142o tutaj mn\u00f3stwo, ale nie oni stanowili najwi\u0119kszy problem. Najwi\u0119cej podej\u015b\u0107 zepsu\u0142y mi\u2026 tramwaje jad\u0105ce w przeciwnym kierunku, gdy\u017c ruch [&hellip;]<\/p>\n","protected":false},"author":1,"featured_media":16316,"comment_status":"open","ping_status":"","sticky":false,"template":"","format":"standard","meta":{"footnotes":""},"categories":[156,3],"tags":[382,378,379,381,183,186],"class_list":["post-16315","post","type-post","status-publish","format-standard","has-post-thumbnail","hentry","category-rok-2018","category-tramwaj","tag-2018-03-22","tag-bazylea","tag-bvb-basel","tag-siemens-combino","tag-suissetrip-2018","tag-szwajcaria"],"_links":{"self":[{"href":"http:\/\/wgphoto.pl\/t\/index.php?rest_route=\/wp\/v2\/posts\/16315","targetHints":{"allow":["GET"]}}],"collection":[{"href":"http:\/\/wgphoto.pl\/t\/index.php?rest_route=\/wp\/v2\/posts"}],"about":[{"href":"http:\/\/wgphoto.pl\/t\/index.php?rest_route=\/wp\/v2\/types\/post"}],"author":[{"embeddable":true,"href":"http:\/\/wgphoto.pl\/t\/index.php?rest_route=\/wp\/v2\/users\/1"}],"replies":[{"embeddable":true,"href":"http:\/\/wgphoto.pl\/t\/index.php?rest_route=%2Fwp%2Fv2%2Fcomments&post=16315"}],"version-history":[{"count":1,"href":"http:\/\/wgphoto.pl\/t\/index.php?rest_route=\/wp\/v2\/posts\/16315\/revisions"}],"predecessor-version":[{"id":16317,"href":"http:\/\/wgphoto.pl\/t\/index.php?rest_route=\/wp\/v2\/posts\/16315\/revisions\/16317"}],"wp:featuredmedia":[{"embeddable":true,"href":"http:\/\/wgphoto.pl\/t\/index.php?rest_route=\/wp\/v2\/media\/16316"}],"wp:attachment":[{"href":"http:\/\/wgphoto.pl\/t\/index.php?rest_route=%2Fwp%2Fv2%2Fmedia&parent=16315"}],"wp:term":[{"taxonomy":"category","embeddable":true,"href":"http:\/\/wgphoto.pl\/t\/index.php?rest_route=%2Fwp%2Fv2%2Fcategories&post=16315"},{"taxonomy":"post_tag","embeddable":true,"href":"http:\/\/wgphoto.pl\/t\/index.php?rest_route=%2Fwp%2Fv2%2Ftags&post=16315"}],"curies":[{"name":"wp","href":"https:\/\/api.w.org\/{rel}","templated":true}]}}