{"id":16318,"date":"2025-04-16T18:20:14","date_gmt":"2025-04-16T16:20:14","guid":{"rendered":"https:\/\/wgphoto.pl\/t\/?p=16318"},"modified":"2025-04-16T18:21:39","modified_gmt":"2025-04-16T16:21:39","slug":"znany-element-2","status":"publish","type":"post","link":"http:\/\/wgphoto.pl\/t\/?p=16318","title":{"rendered":"Znany element"},"content":{"rendered":"\n<figure class=\"wp-block-image aligncenter size-full\"><img loading=\"lazy\" decoding=\"async\" width=\"1200\" height=\"795\" src=\"https:\/\/wgphoto.pl\/t\/wp-content\/uploads\/2025\/04\/IMGP7146.jpg\" alt=\"\" class=\"wp-image-16319\" srcset=\"http:\/\/wgphoto.pl\/t\/wp-content\/uploads\/2025\/04\/IMGP7146.jpg 1200w, http:\/\/wgphoto.pl\/t\/wp-content\/uploads\/2025\/04\/IMGP7146-300x199.jpg 300w, http:\/\/wgphoto.pl\/t\/wp-content\/uploads\/2025\/04\/IMGP7146-768x509.jpg 768w\" sizes=\"auto, (max-width: 1200px) 100vw, 1200px\" \/><\/figure>\n\n\n\n<div class=\"wp-block-group has-global-padding is-layout-constrained wp-block-group-is-layout-constrained\">\n<p>Wn\u0119trze wagonu silnikowego jednostki z s\u0105siedniego zdj\u0119cia. Uwag\u0119 zwraca wyj\u0105tkowo ma\u0142y udzia\u0142 niskiej pod\u0142ogi oraz fotele znane m.in. z pierwszej serii Impuls\u00f3w 31WE nale\u017c\u0105cych do KD. 21.03.2018<\/p>\n<\/div>\n","protected":false},"excerpt":{"rendered":"<p>Wn\u0119trze wagonu silnikowego jednostki z s\u0105siedniego zdj\u0119cia. Uwag\u0119 zwraca wyj\u0105tkowo ma\u0142y udzia\u0142 niskiej pod\u0142ogi oraz fotele znane m.in. z pierwszej serii Impuls\u00f3w 31WE nale\u017c\u0105cych do KD. 21.03.2018<\/p>\n","protected":false},"author":1,"featured_media":16319,"comment_status":"open","ping_status":"","sticky":false,"template":"","format":"standard","meta":{"footnotes":""},"categories":[220,2,156],"tags":[188,3692,183,186,3693,454],"class_list":["post-16318","post","type-post","status-publish","format-standard","has-post-thumbnail","hentry","category-blo","category-kolej","category-rok-2018","tag-2018-03-21","tag-sainte-croix","tag-suissetrip-2018","tag-szwajcaria","tag-travys","tag-wnetrza-pojazdow"],"_links":{"self":[{"href":"http:\/\/wgphoto.pl\/t\/index.php?rest_route=\/wp\/v2\/posts\/16318","targetHints":{"allow":["GET"]}}],"collection":[{"href":"http:\/\/wgphoto.pl\/t\/index.php?rest_route=\/wp\/v2\/posts"}],"about":[{"href":"http:\/\/wgphoto.pl\/t\/index.php?rest_route=\/wp\/v2\/types\/post"}],"author":[{"embeddable":true,"href":"http:\/\/wgphoto.pl\/t\/index.php?rest_route=\/wp\/v2\/users\/1"}],"replies":[{"embeddable":true,"href":"http:\/\/wgphoto.pl\/t\/index.php?rest_route=%2Fwp%2Fv2%2Fcomments&post=16318"}],"version-history":[{"count":1,"href":"http:\/\/wgphoto.pl\/t\/index.php?rest_route=\/wp\/v2\/posts\/16318\/revisions"}],"predecessor-version":[{"id":16320,"href":"http:\/\/wgphoto.pl\/t\/index.php?rest_route=\/wp\/v2\/posts\/16318\/revisions\/16320"}],"wp:featuredmedia":[{"embeddable":true,"href":"http:\/\/wgphoto.pl\/t\/index.php?rest_route=\/wp\/v2\/media\/16319"}],"wp:attachment":[{"href":"http:\/\/wgphoto.pl\/t\/index.php?rest_route=%2Fwp%2Fv2%2Fmedia&parent=16318"}],"wp:term":[{"taxonomy":"category","embeddable":true,"href":"http:\/\/wgphoto.pl\/t\/index.php?rest_route=%2Fwp%2Fv2%2Fcategories&post=16318"},{"taxonomy":"post_tag","embeddable":true,"href":"http:\/\/wgphoto.pl\/t\/index.php?rest_route=%2Fwp%2Fv2%2Ftags&post=16318"}],"curies":[{"name":"wp","href":"https:\/\/api.w.org\/{rel}","templated":true}]}}