{"id":16325,"date":"2025-04-16T18:23:09","date_gmt":"2025-04-16T16:23:09","guid":{"rendered":"https:\/\/wgphoto.pl\/t\/?p=16325"},"modified":"2025-04-16T18:23:09","modified_gmt":"2025-04-16T16:23:09","slug":"do-startu-gotowi","status":"publish","type":"post","link":"http:\/\/wgphoto.pl\/t\/?p=16325","title":{"rendered":"Do startu gotowi"},"content":{"rendered":"\n<figure class=\"wp-block-image aligncenter size-full\"><img loading=\"lazy\" decoding=\"async\" width=\"1200\" height=\"802\" src=\"https:\/\/wgphoto.pl\/t\/wp-content\/uploads\/2025\/04\/IMGP7724.jpg\" alt=\"\" class=\"wp-image-16326\" srcset=\"http:\/\/wgphoto.pl\/t\/wp-content\/uploads\/2025\/04\/IMGP7724.jpg 1200w, http:\/\/wgphoto.pl\/t\/wp-content\/uploads\/2025\/04\/IMGP7724-300x201.jpg 300w, http:\/\/wgphoto.pl\/t\/wp-content\/uploads\/2025\/04\/IMGP7724-768x513.jpg 768w\" sizes=\"auto, (max-width: 1200px) 100vw, 1200px\" \/><\/figure>\n\n\n\n<div class=\"wp-block-group has-global-padding is-layout-constrained wp-block-group-is-layout-constrained\">\n<p>Suisse Trip to nie tylko Szwajcaria. Dwa tramwaje linii T1 oczekuj\u0105 pory odjazdu z kra\u0144ca zlokalizowanego przed dworcem w Dijon (jego zabudowania widoczne s\u0105 w tle). Sk\u0105d wiadomo, kt\u00f3ry pojazd odjedzie pierwszy? Francuzi i na to maj\u0105 spos\u00f3b. Nad gablotami z informacj\u0105 pasa\u017cersk\u0105 (na pocz\u0105tku peron\u00f3w po prawej i lewej) zamontowano wy\u015bwietlacze, kt\u00f3re wskazuj\u0105 &#8222;prochain d\u00e9part&#8221;, czyli\u2026 no przecie\u017c ka\u017cdy zna ten prosty j\u0119zyk. \ud83d\ude09 2018-03-23<\/p>\n<\/div>\n","protected":false},"excerpt":{"rendered":"<p>Suisse Trip to nie tylko Szwajcaria. Dwa tramwaje linii T1 oczekuj\u0105 pory odjazdu z kra\u0144ca zlokalizowanego przed dworcem w Dijon (jego zabudowania widoczne s\u0105 w tle). Sk\u0105d wiadomo, kt\u00f3ry pojazd odjedzie pierwszy? Francuzi i na to maj\u0105 spos\u00f3b. Nad gablotami z informacj\u0105 pasa\u017cersk\u0105 (na pocz\u0105tku peron\u00f3w po prawej i lewej) zamontowano wy\u015bwietlacze, kt\u00f3re wskazuj\u0105 &#8222;prochain [&hellip;]<\/p>\n","protected":false},"author":1,"featured_media":16326,"comment_status":"open","ping_status":"","sticky":false,"template":"","format":"standard","meta":{"footnotes":""},"categories":[156,3],"tags":[1509,170,2725,415,230,380,183,223],"class_list":["post-16325","post","type-post","status-publish","format-standard","has-post-thumbnail","hentry","category-rok-2018","category-tramwaj","tag-2018-03-23","tag-alstom-citadis302","tag-dijon","tag-francja","tag-infrastruktura","tag-spod-dworca","tag-suissetrip-2018","tag-symetria"],"_links":{"self":[{"href":"http:\/\/wgphoto.pl\/t\/index.php?rest_route=\/wp\/v2\/posts\/16325","targetHints":{"allow":["GET"]}}],"collection":[{"href":"http:\/\/wgphoto.pl\/t\/index.php?rest_route=\/wp\/v2\/posts"}],"about":[{"href":"http:\/\/wgphoto.pl\/t\/index.php?rest_route=\/wp\/v2\/types\/post"}],"author":[{"embeddable":true,"href":"http:\/\/wgphoto.pl\/t\/index.php?rest_route=\/wp\/v2\/users\/1"}],"replies":[{"embeddable":true,"href":"http:\/\/wgphoto.pl\/t\/index.php?rest_route=%2Fwp%2Fv2%2Fcomments&post=16325"}],"version-history":[{"count":1,"href":"http:\/\/wgphoto.pl\/t\/index.php?rest_route=\/wp\/v2\/posts\/16325\/revisions"}],"predecessor-version":[{"id":16327,"href":"http:\/\/wgphoto.pl\/t\/index.php?rest_route=\/wp\/v2\/posts\/16325\/revisions\/16327"}],"wp:featuredmedia":[{"embeddable":true,"href":"http:\/\/wgphoto.pl\/t\/index.php?rest_route=\/wp\/v2\/media\/16326"}],"wp:attachment":[{"href":"http:\/\/wgphoto.pl\/t\/index.php?rest_route=%2Fwp%2Fv2%2Fmedia&parent=16325"}],"wp:term":[{"taxonomy":"category","embeddable":true,"href":"http:\/\/wgphoto.pl\/t\/index.php?rest_route=%2Fwp%2Fv2%2Fcategories&post=16325"},{"taxonomy":"post_tag","embeddable":true,"href":"http:\/\/wgphoto.pl\/t\/index.php?rest_route=%2Fwp%2Fv2%2Ftags&post=16325"}],"curies":[{"name":"wp","href":"https:\/\/api.w.org\/{rel}","templated":true}]}}