{"id":16353,"date":"2025-04-16T18:42:35","date_gmt":"2025-04-16T16:42:35","guid":{"rendered":"https:\/\/wgphoto.pl\/t\/?p=16353"},"modified":"2025-04-16T18:42:35","modified_gmt":"2025-04-16T16:42:35","slug":"spod-dworca-w-darmstadt","status":"publish","type":"post","link":"http:\/\/wgphoto.pl\/t\/?p=16353","title":{"rendered":"Spod dworca w Darmstadt"},"content":{"rendered":"\n<figure class=\"wp-block-image aligncenter size-full\"><img loading=\"lazy\" decoding=\"async\" width=\"1200\" height=\"795\" src=\"https:\/\/wgphoto.pl\/t\/wp-content\/uploads\/2025\/04\/IMGP9029.jpg\" alt=\"\" class=\"wp-image-16354\" srcset=\"http:\/\/wgphoto.pl\/t\/wp-content\/uploads\/2025\/04\/IMGP9029.jpg 1200w, http:\/\/wgphoto.pl\/t\/wp-content\/uploads\/2025\/04\/IMGP9029-300x199.jpg 300w, http:\/\/wgphoto.pl\/t\/wp-content\/uploads\/2025\/04\/IMGP9029-768x509.jpg 768w\" sizes=\"auto, (max-width: 1200px) 100vw, 1200px\" \/><\/figure>\n\n\n\n<div class=\"wp-block-group has-global-padding is-layout-constrained wp-block-group-is-layout-constrained\">\n<p>No i ostatni punkt wycieczki &#8211; kr\u00f3tka wizyta w Darmstadt. Zaraz na dworcu widocznym w tle wsi\u0105d\u0119 w poci\u0105g aby wieczornym Dreznem przyjecha\u0107 do Wroc\u0142awia. 29.03.2018<\/p>\n<\/div>\n","protected":false},"excerpt":{"rendered":"<p>No i ostatni punkt wycieczki &#8211; kr\u00f3tka wizyta w Darmstadt. Zaraz na dworcu widocznym w tle wsi\u0105d\u0119 w poci\u0105g aby wieczornym Dreznem przyjecha\u0107 do Wroc\u0142awia. 29.03.2018<\/p>\n","protected":false},"author":1,"featured_media":16354,"comment_status":"open","ping_status":"","sticky":false,"template":"","format":"standard","meta":{"footnotes":""},"categories":[156,3],"tags":[1689,1408,1688,1687,23,380,183],"class_list":["post-16353","post","type-post","status-publish","format-standard","has-post-thumbnail","hentry","category-rok-2018","category-tramwaj","tag-2018-03-29","tag-alstom-citadis200","tag-darmstadt","tag-heag-darmstadt","tag-niemcy","tag-spod-dworca","tag-suissetrip-2018"],"_links":{"self":[{"href":"http:\/\/wgphoto.pl\/t\/index.php?rest_route=\/wp\/v2\/posts\/16353","targetHints":{"allow":["GET"]}}],"collection":[{"href":"http:\/\/wgphoto.pl\/t\/index.php?rest_route=\/wp\/v2\/posts"}],"about":[{"href":"http:\/\/wgphoto.pl\/t\/index.php?rest_route=\/wp\/v2\/types\/post"}],"author":[{"embeddable":true,"href":"http:\/\/wgphoto.pl\/t\/index.php?rest_route=\/wp\/v2\/users\/1"}],"replies":[{"embeddable":true,"href":"http:\/\/wgphoto.pl\/t\/index.php?rest_route=%2Fwp%2Fv2%2Fcomments&post=16353"}],"version-history":[{"count":1,"href":"http:\/\/wgphoto.pl\/t\/index.php?rest_route=\/wp\/v2\/posts\/16353\/revisions"}],"predecessor-version":[{"id":16355,"href":"http:\/\/wgphoto.pl\/t\/index.php?rest_route=\/wp\/v2\/posts\/16353\/revisions\/16355"}],"wp:featuredmedia":[{"embeddable":true,"href":"http:\/\/wgphoto.pl\/t\/index.php?rest_route=\/wp\/v2\/media\/16354"}],"wp:attachment":[{"href":"http:\/\/wgphoto.pl\/t\/index.php?rest_route=%2Fwp%2Fv2%2Fmedia&parent=16353"}],"wp:term":[{"taxonomy":"category","embeddable":true,"href":"http:\/\/wgphoto.pl\/t\/index.php?rest_route=%2Fwp%2Fv2%2Fcategories&post=16353"},{"taxonomy":"post_tag","embeddable":true,"href":"http:\/\/wgphoto.pl\/t\/index.php?rest_route=%2Fwp%2Fv2%2Ftags&post=16353"}],"curies":[{"name":"wp","href":"https:\/\/api.w.org\/{rel}","templated":true}]}}