{"id":16391,"date":"2025-04-18T17:09:53","date_gmt":"2025-04-18T15:09:53","guid":{"rendered":"https:\/\/wgphoto.pl\/t\/?p=16391"},"modified":"2025-04-18T17:09:53","modified_gmt":"2025-04-18T15:09:53","slug":"stodwojka-na-wysoki-polysk","status":"publish","type":"post","link":"http:\/\/wgphoto.pl\/t\/?p=16391","title":{"rendered":"Stodw\u00f3jka na wysoki po\u0142ysk"},"content":{"rendered":"\n<figure class=\"wp-block-image aligncenter size-full\"><img loading=\"lazy\" decoding=\"async\" width=\"1200\" height=\"800\" src=\"https:\/\/wgphoto.pl\/t\/wp-content\/uploads\/2025\/04\/IMGP9066.jpg\" alt=\"\" class=\"wp-image-16392\" srcset=\"http:\/\/wgphoto.pl\/t\/wp-content\/uploads\/2025\/04\/IMGP9066.jpg 1200w, http:\/\/wgphoto.pl\/t\/wp-content\/uploads\/2025\/04\/IMGP9066-300x200.jpg 300w, http:\/\/wgphoto.pl\/t\/wp-content\/uploads\/2025\/04\/IMGP9066-768x512.jpg 768w\" sizes=\"auto, (max-width: 1200px) 100vw, 1200px\" \/><\/figure>\n\n\n\n<div class=\"wp-block-group has-global-padding is-layout-constrained wp-block-group-is-layout-constrained\">\n<p>Nareszcie mog\u0119 zaprezentowa\u0107 najnowsz\u0105 wroc\u0142awsk\u0105 pere\u0142k\u0119 [opis z 04.2018] &#8211; wagon 102Na 2069 po zako\u0144czonej renowacji, przeprowadzonej staraniami Klubu Sympatyk\u00f3w Transportu Miejskiego. Tramwaj podczas premierowego przejazdu specjalnego mija gmach Muzeum Narodowego przy pl. Powsta\u0144c\u00f3w Warszawy. 22.04.2018<\/p>\n<\/div>\n","protected":false},"excerpt":{"rendered":"<p>Nareszcie mog\u0119 zaprezentowa\u0107 najnowsz\u0105 wroc\u0142awsk\u0105 pere\u0142k\u0119 [opis z 04.2018] &#8211; wagon 102Na 2069 po zako\u0144czonej renowacji, przeprowadzonej staraniami Klubu Sympatyk\u00f3w Transportu Miejskiego. Tramwaj podczas premierowego przejazdu specjalnego mija gmach Muzeum Narodowego przy pl. Powsta\u0144c\u00f3w Warszawy. 22.04.2018<\/p>\n","protected":false},"author":1,"featured_media":16392,"comment_status":"open","ping_status":"","sticky":false,"template":"","format":"standard","meta":{"footnotes":""},"categories":[156,3],"tags":[2139,34,309,137,27,41],"class_list":["post-16391","post","type-post","status-publish","format-standard","has-post-thumbnail","hentry","category-rok-2018","category-tramwaj","tag-2018-04-22","tag-architektura","tag-konstal-102na","tag-kstm","tag-polska","tag-wroclaw"],"_links":{"self":[{"href":"http:\/\/wgphoto.pl\/t\/index.php?rest_route=\/wp\/v2\/posts\/16391","targetHints":{"allow":["GET"]}}],"collection":[{"href":"http:\/\/wgphoto.pl\/t\/index.php?rest_route=\/wp\/v2\/posts"}],"about":[{"href":"http:\/\/wgphoto.pl\/t\/index.php?rest_route=\/wp\/v2\/types\/post"}],"author":[{"embeddable":true,"href":"http:\/\/wgphoto.pl\/t\/index.php?rest_route=\/wp\/v2\/users\/1"}],"replies":[{"embeddable":true,"href":"http:\/\/wgphoto.pl\/t\/index.php?rest_route=%2Fwp%2Fv2%2Fcomments&post=16391"}],"version-history":[{"count":1,"href":"http:\/\/wgphoto.pl\/t\/index.php?rest_route=\/wp\/v2\/posts\/16391\/revisions"}],"predecessor-version":[{"id":16393,"href":"http:\/\/wgphoto.pl\/t\/index.php?rest_route=\/wp\/v2\/posts\/16391\/revisions\/16393"}],"wp:featuredmedia":[{"embeddable":true,"href":"http:\/\/wgphoto.pl\/t\/index.php?rest_route=\/wp\/v2\/media\/16392"}],"wp:attachment":[{"href":"http:\/\/wgphoto.pl\/t\/index.php?rest_route=%2Fwp%2Fv2%2Fmedia&parent=16391"}],"wp:term":[{"taxonomy":"category","embeddable":true,"href":"http:\/\/wgphoto.pl\/t\/index.php?rest_route=%2Fwp%2Fv2%2Fcategories&post=16391"},{"taxonomy":"post_tag","embeddable":true,"href":"http:\/\/wgphoto.pl\/t\/index.php?rest_route=%2Fwp%2Fv2%2Ftags&post=16391"}],"curies":[{"name":"wp","href":"https:\/\/api.w.org\/{rel}","templated":true}]}}