{"id":16400,"date":"2025-04-18T17:12:55","date_gmt":"2025-04-18T15:12:55","guid":{"rendered":"https:\/\/wgphoto.pl\/t\/?p=16400"},"modified":"2025-04-18T17:12:55","modified_gmt":"2025-04-18T15:12:55","slug":"dwa-wagony-zawiniete-na-luku","status":"publish","type":"post","link":"http:\/\/wgphoto.pl\/t\/?p=16400","title":{"rendered":"Dwa wagony zawini\u0119te na \u0142uku"},"content":{"rendered":"\n<figure class=\"wp-block-image aligncenter size-full\"><img loading=\"lazy\" decoding=\"async\" width=\"602\" height=\"900\" src=\"https:\/\/wgphoto.pl\/t\/wp-content\/uploads\/2025\/04\/IMGP8599.jpg\" alt=\"\" class=\"wp-image-16401\" srcset=\"http:\/\/wgphoto.pl\/t\/wp-content\/uploads\/2025\/04\/IMGP8599.jpg 602w, http:\/\/wgphoto.pl\/t\/wp-content\/uploads\/2025\/04\/IMGP8599-201x300.jpg 201w\" sizes=\"auto, (max-width: 602px) 100vw, 602px\" \/><\/figure>\n\n\n\n<div class=\"wp-block-group has-global-padding is-layout-constrained wp-block-group-is-layout-constrained\">\n<p>Regionova 024 obs\u0142uguj\u0105c lokaln\u0105 osob\u00f3wk\u0119 15777 z Adr\u0161pachu do Teplic nad Metuj\u00ed zbli\u017ca si\u0119 do przystanku Teplice nad Metuj\u00ed m\u011bsto. 2012-06-10<\/p>\n<\/div>\n","protected":false},"excerpt":{"rendered":"<p>Regionova 024 obs\u0142uguj\u0105c lokaln\u0105 osob\u00f3wk\u0119 15777 z Adr\u0161pachu do Teplic nad Metuj\u00ed zbli\u017ca si\u0119 do przystanku Teplice nad Metuj\u00ed m\u011bsto. 2012-06-10<\/p>\n","protected":false},"author":1,"featured_media":16401,"comment_status":"open","ping_status":"","sticky":false,"template":"","format":"standard","meta":{"footnotes":""},"categories":[2,128,46],"tags":[1821,92,50,49,196,1822,3419],"class_list":["post-16400","post","type-post","status-publish","format-standard","has-post-thumbnail","hentry","category-kolej","category-pionowe","category-rok-2012","tag-2012-06-10","tag-92","tag-cd","tag-czechy","tag-linie-raczej-lokalne","tag-tab-cz047","tag-teplice-nad-metuji-mesto"],"_links":{"self":[{"href":"http:\/\/wgphoto.pl\/t\/index.php?rest_route=\/wp\/v2\/posts\/16400","targetHints":{"allow":["GET"]}}],"collection":[{"href":"http:\/\/wgphoto.pl\/t\/index.php?rest_route=\/wp\/v2\/posts"}],"about":[{"href":"http:\/\/wgphoto.pl\/t\/index.php?rest_route=\/wp\/v2\/types\/post"}],"author":[{"embeddable":true,"href":"http:\/\/wgphoto.pl\/t\/index.php?rest_route=\/wp\/v2\/users\/1"}],"replies":[{"embeddable":true,"href":"http:\/\/wgphoto.pl\/t\/index.php?rest_route=%2Fwp%2Fv2%2Fcomments&post=16400"}],"version-history":[{"count":1,"href":"http:\/\/wgphoto.pl\/t\/index.php?rest_route=\/wp\/v2\/posts\/16400\/revisions"}],"predecessor-version":[{"id":16402,"href":"http:\/\/wgphoto.pl\/t\/index.php?rest_route=\/wp\/v2\/posts\/16400\/revisions\/16402"}],"wp:featuredmedia":[{"embeddable":true,"href":"http:\/\/wgphoto.pl\/t\/index.php?rest_route=\/wp\/v2\/media\/16401"}],"wp:attachment":[{"href":"http:\/\/wgphoto.pl\/t\/index.php?rest_route=%2Fwp%2Fv2%2Fmedia&parent=16400"}],"wp:term":[{"taxonomy":"category","embeddable":true,"href":"http:\/\/wgphoto.pl\/t\/index.php?rest_route=%2Fwp%2Fv2%2Fcategories&post=16400"},{"taxonomy":"post_tag","embeddable":true,"href":"http:\/\/wgphoto.pl\/t\/index.php?rest_route=%2Fwp%2Fv2%2Ftags&post=16400"}],"curies":[{"name":"wp","href":"https:\/\/api.w.org\/{rel}","templated":true}]}}