{"id":16440,"date":"2025-04-18T17:25:48","date_gmt":"2025-04-18T15:25:48","guid":{"rendered":"https:\/\/wgphoto.pl\/t\/?p=16440"},"modified":"2025-04-18T17:25:48","modified_gmt":"2025-04-18T15:25:48","slug":"krolestwo-tramwajow","status":"publish","type":"post","link":"http:\/\/wgphoto.pl\/t\/?p=16440","title":{"rendered":"Kr\u00f3lestwo tramwaj\u00f3w"},"content":{"rendered":"\n<figure class=\"wp-block-image aligncenter size-full\"><img loading=\"lazy\" decoding=\"async\" width=\"1200\" height=\"795\" src=\"https:\/\/wgphoto.pl\/t\/wp-content\/uploads\/2025\/04\/IMGP8617.jpg\" alt=\"\" class=\"wp-image-16441\" srcset=\"http:\/\/wgphoto.pl\/t\/wp-content\/uploads\/2025\/04\/IMGP8617.jpg 1200w, http:\/\/wgphoto.pl\/t\/wp-content\/uploads\/2025\/04\/IMGP8617-300x199.jpg 300w, http:\/\/wgphoto.pl\/t\/wp-content\/uploads\/2025\/04\/IMGP8617-768x509.jpg 768w\" sizes=\"auto, (max-width: 1200px) 100vw, 1200px\" \/><\/figure>\n\n\n\n<div class=\"wp-block-group has-global-padding is-layout-constrained wp-block-group-is-layout-constrained\">\n<p>Paradeplatz w Zurychu oddano w ca\u0142o\u015bci tramwajom i pieszym. Pomimo ogromnego ruchu tramwaj\u00f3w nie ma tu sygnalizacji \u015bwietlnej, a ruch odbywa si\u0119 bardzo p\u0142ynnie. Przeje\u017cd\u017ca t\u0119dy tyle linii ile kolor\u00f3w na s\u0142upku +1 (gdy\u017c jedna linia kursuje jeszcze w g\u0142\u0119bi placu, w osi prawo-lewo), czyli mamy 8 linii x 8 odjazd\u00f3w\/godz. x 2 kierunki, \u0142\u0105cznie 128 tramwaj\u00f3w w ci\u0105gu godziny, czyli \u015brednio dwa na minut\u0119. To sprawia, \u017ce nietrudno o taki zestaw jak na zdj\u0119ciu. Foto z tego miejsca wyst\u0119puje zreszt\u0105 na jakich\u015b folderach reklamowych miejscowego przewo\u017anika lub organizatora. Jest du\u017co lepsze od powy\u017cszego, ale niestety dla mnie nieosi\u0105galne, gdy\u017c wykonano je z okna hotelu stoj\u0105cego w g\u0142\u0119bi. 2018-03-27<\/p>\n<\/div>\n","protected":false},"excerpt":{"rendered":"<p>Paradeplatz w Zurychu oddano w ca\u0142o\u015bci tramwajom i pieszym. Pomimo ogromnego ruchu tramwaj\u00f3w nie ma tu sygnalizacji \u015bwietlnej, a ruch odbywa si\u0119 bardzo p\u0142ynnie. Przeje\u017cd\u017ca t\u0119dy tyle linii ile kolor\u00f3w na s\u0142upku +1 (gdy\u017c jedna linia kursuje jeszcze w g\u0142\u0119bi placu, w osi prawo-lewo), czyli mamy 8 linii x 8 odjazd\u00f3w\/godz. x 2 kierunki, \u0142\u0105cznie [&hellip;]<\/p>\n","protected":false},"author":1,"featured_media":16441,"comment_status":"open","ping_status":"","sticky":false,"template":"","format":"standard","meta":{"footnotes":""},"categories":[156,3],"tags":[545,544,230,1423,183,186,542,543],"class_list":["post-16440","post","type-post","status-publish","format-standard","has-post-thumbnail","hentry","category-rok-2018","category-tramwaj","tag-2018-03-27","tag-bombardier-cobra","tag-infrastruktura","tag-schindler-be","tag-suissetrip-2018","tag-szwajcaria","tag-vbz-zurich","tag-zurych"],"_links":{"self":[{"href":"http:\/\/wgphoto.pl\/t\/index.php?rest_route=\/wp\/v2\/posts\/16440","targetHints":{"allow":["GET"]}}],"collection":[{"href":"http:\/\/wgphoto.pl\/t\/index.php?rest_route=\/wp\/v2\/posts"}],"about":[{"href":"http:\/\/wgphoto.pl\/t\/index.php?rest_route=\/wp\/v2\/types\/post"}],"author":[{"embeddable":true,"href":"http:\/\/wgphoto.pl\/t\/index.php?rest_route=\/wp\/v2\/users\/1"}],"replies":[{"embeddable":true,"href":"http:\/\/wgphoto.pl\/t\/index.php?rest_route=%2Fwp%2Fv2%2Fcomments&post=16440"}],"version-history":[{"count":1,"href":"http:\/\/wgphoto.pl\/t\/index.php?rest_route=\/wp\/v2\/posts\/16440\/revisions"}],"predecessor-version":[{"id":16442,"href":"http:\/\/wgphoto.pl\/t\/index.php?rest_route=\/wp\/v2\/posts\/16440\/revisions\/16442"}],"wp:featuredmedia":[{"embeddable":true,"href":"http:\/\/wgphoto.pl\/t\/index.php?rest_route=\/wp\/v2\/media\/16441"}],"wp:attachment":[{"href":"http:\/\/wgphoto.pl\/t\/index.php?rest_route=%2Fwp%2Fv2%2Fmedia&parent=16440"}],"wp:term":[{"taxonomy":"category","embeddable":true,"href":"http:\/\/wgphoto.pl\/t\/index.php?rest_route=%2Fwp%2Fv2%2Fcategories&post=16440"},{"taxonomy":"post_tag","embeddable":true,"href":"http:\/\/wgphoto.pl\/t\/index.php?rest_route=%2Fwp%2Fv2%2Ftags&post=16440"}],"curies":[{"name":"wp","href":"https:\/\/api.w.org\/{rel}","templated":true}]}}