{"id":16446,"date":"2025-04-18T17:27:36","date_gmt":"2025-04-18T15:27:36","guid":{"rendered":"https:\/\/wgphoto.pl\/t\/?p=16446"},"modified":"2025-04-18T17:27:36","modified_gmt":"2025-04-18T15:27:36","slug":"statystyka","status":"publish","type":"post","link":"http:\/\/wgphoto.pl\/t\/?p=16446","title":{"rendered":"Statystyka"},"content":{"rendered":"\n<figure class=\"wp-block-image aligncenter size-full\"><img loading=\"lazy\" decoding=\"async\" width=\"1200\" height=\"795\" src=\"https:\/\/wgphoto.pl\/t\/wp-content\/uploads\/2025\/04\/IMGP7140.jpg\" alt=\"\" class=\"wp-image-16447\" srcset=\"http:\/\/wgphoto.pl\/t\/wp-content\/uploads\/2025\/04\/IMGP7140.jpg 1200w, http:\/\/wgphoto.pl\/t\/wp-content\/uploads\/2025\/04\/IMGP7140-300x199.jpg 300w, http:\/\/wgphoto.pl\/t\/wp-content\/uploads\/2025\/04\/IMGP7140-768x509.jpg 768w\" sizes=\"auto, (max-width: 1200px) 100vw, 1200px\" \/><\/figure>\n\n\n\n<div class=\"wp-block-group has-global-padding is-layout-constrained wp-block-group-is-layout-constrained\">\n<p>Tramwaj zwany metrem wje\u017cd\u017ca na stacj\u0119 Malley mijaj\u0105c typowo kolejowe zapory z &#8222;firankami&#8221;. I tym sposobem pierwsze szwajcarskie miasto mam odhaczone w ca\u0142o\u015bci je\u015bli chodzi o zdj\u0119cia, gdy\u017c zatrzyma\u0142em si\u0119 tu na chwil\u0119 tylko po to \u017ceby szybko sfotografowa\u0107 miejscowy tramwaj i m\u00f3c w statystykach odhaczy\u0107: mam! \ud83d\ude09 21.03.2018<\/p>\n<\/div>\n","protected":false},"excerpt":{"rendered":"<p>Tramwaj zwany metrem wje\u017cd\u017ca na stacj\u0119 Malley mijaj\u0105c typowo kolejowe zapory z &#8222;firankami&#8221;. I tym sposobem pierwsze szwajcarskie miasto mam odhaczone w ca\u0142o\u015bci je\u015bli chodzi o zdj\u0119cia, gdy\u017c zatrzyma\u0142em si\u0119 tu na chwil\u0119 tylko po to \u017ceby szybko sfotografowa\u0107 miejscowy tramwaj i m\u00f3c w statystykach odhaczy\u0107: mam! \ud83d\ude09 21.03.2018<\/p>\n","protected":false},"author":1,"featured_media":16447,"comment_status":"open","ping_status":"","sticky":false,"template":"","format":"standard","meta":{"footnotes":""},"categories":[156,3],"tags":[188,3709,183,186],"class_list":["post-16446","post","type-post","status-publish","format-standard","has-post-thumbnail","hentry","category-rok-2018","category-tramwaj","tag-2018-03-21","tag-lozanna","tag-suissetrip-2018","tag-szwajcaria"],"_links":{"self":[{"href":"http:\/\/wgphoto.pl\/t\/index.php?rest_route=\/wp\/v2\/posts\/16446","targetHints":{"allow":["GET"]}}],"collection":[{"href":"http:\/\/wgphoto.pl\/t\/index.php?rest_route=\/wp\/v2\/posts"}],"about":[{"href":"http:\/\/wgphoto.pl\/t\/index.php?rest_route=\/wp\/v2\/types\/post"}],"author":[{"embeddable":true,"href":"http:\/\/wgphoto.pl\/t\/index.php?rest_route=\/wp\/v2\/users\/1"}],"replies":[{"embeddable":true,"href":"http:\/\/wgphoto.pl\/t\/index.php?rest_route=%2Fwp%2Fv2%2Fcomments&post=16446"}],"version-history":[{"count":1,"href":"http:\/\/wgphoto.pl\/t\/index.php?rest_route=\/wp\/v2\/posts\/16446\/revisions"}],"predecessor-version":[{"id":16448,"href":"http:\/\/wgphoto.pl\/t\/index.php?rest_route=\/wp\/v2\/posts\/16446\/revisions\/16448"}],"wp:featuredmedia":[{"embeddable":true,"href":"http:\/\/wgphoto.pl\/t\/index.php?rest_route=\/wp\/v2\/media\/16447"}],"wp:attachment":[{"href":"http:\/\/wgphoto.pl\/t\/index.php?rest_route=%2Fwp%2Fv2%2Fmedia&parent=16446"}],"wp:term":[{"taxonomy":"category","embeddable":true,"href":"http:\/\/wgphoto.pl\/t\/index.php?rest_route=%2Fwp%2Fv2%2Fcategories&post=16446"},{"taxonomy":"post_tag","embeddable":true,"href":"http:\/\/wgphoto.pl\/t\/index.php?rest_route=%2Fwp%2Fv2%2Ftags&post=16446"}],"curies":[{"name":"wp","href":"https:\/\/api.w.org\/{rel}","templated":true}]}}