{"id":16449,"date":"2025-04-18T17:29:14","date_gmt":"2025-04-18T15:29:14","guid":{"rendered":"https:\/\/wgphoto.pl\/t\/?p=16449"},"modified":"2025-04-18T17:29:14","modified_gmt":"2025-04-18T15:29:14","slug":"czuc-europa","status":"publish","type":"post","link":"http:\/\/wgphoto.pl\/t\/?p=16449","title":{"rendered":"Czu\u0107 Europ\u0105"},"content":{"rendered":"\n<figure class=\"wp-block-image aligncenter size-full\"><img loading=\"lazy\" decoding=\"async\" width=\"1200\" height=\"800\" src=\"https:\/\/wgphoto.pl\/t\/wp-content\/uploads\/2025\/04\/imgp1145a.jpg\" alt=\"\" class=\"wp-image-16450\" srcset=\"http:\/\/wgphoto.pl\/t\/wp-content\/uploads\/2025\/04\/imgp1145a.jpg 1200w, http:\/\/wgphoto.pl\/t\/wp-content\/uploads\/2025\/04\/imgp1145a-300x200.jpg 300w, http:\/\/wgphoto.pl\/t\/wp-content\/uploads\/2025\/04\/imgp1145a-768x512.jpg 768w\" sizes=\"auto, (max-width: 1200px) 100vw, 1200px\" \/><\/figure>\n\n\n\n<div class=\"wp-block-group has-global-padding is-layout-constrained wp-block-group-is-layout-constrained\">\n<p>Takie uj\u0119cie z bujn\u0105 ro\u015blinno\u015bci\u0105 w mie\u015bcie skojarzy\u0142o mi si\u0119 z podobnym z Odessy. Jest lekka r\u00f3\u017cnica we\u2026 wszystkim. Mediolan, Via Fabio Filzi, 14.08.2015<\/p>\n<\/div>\n","protected":false},"excerpt":{"rendered":"<p>Takie uj\u0119cie z bujn\u0105 ro\u015blinno\u015bci\u0105 w mie\u015bcie skojarzy\u0142o mi si\u0119 z podobnym z Odessy. Jest lekka r\u00f3\u017cnica we\u2026 wszystkim. Mediolan, Via Fabio Filzi, 14.08.2015<\/p>\n","protected":false},"author":1,"featured_media":16450,"comment_status":"open","ping_status":"","sticky":false,"template":"","format":"standard","meta":{"footnotes":""},"categories":[104,3],"tags":[1060,834,835,831,107,110],"class_list":["post-16449","post","type-post","status-publish","format-standard","has-post-thumbnail","hentry","category-rok-2015","category-tramwaj","tag-2015-08-14","tag-atm-milano","tag-mediolan","tag-sirio","tag-wakacje-2015","tag-wlochy"],"_links":{"self":[{"href":"http:\/\/wgphoto.pl\/t\/index.php?rest_route=\/wp\/v2\/posts\/16449","targetHints":{"allow":["GET"]}}],"collection":[{"href":"http:\/\/wgphoto.pl\/t\/index.php?rest_route=\/wp\/v2\/posts"}],"about":[{"href":"http:\/\/wgphoto.pl\/t\/index.php?rest_route=\/wp\/v2\/types\/post"}],"author":[{"embeddable":true,"href":"http:\/\/wgphoto.pl\/t\/index.php?rest_route=\/wp\/v2\/users\/1"}],"replies":[{"embeddable":true,"href":"http:\/\/wgphoto.pl\/t\/index.php?rest_route=%2Fwp%2Fv2%2Fcomments&post=16449"}],"version-history":[{"count":1,"href":"http:\/\/wgphoto.pl\/t\/index.php?rest_route=\/wp\/v2\/posts\/16449\/revisions"}],"predecessor-version":[{"id":16451,"href":"http:\/\/wgphoto.pl\/t\/index.php?rest_route=\/wp\/v2\/posts\/16449\/revisions\/16451"}],"wp:featuredmedia":[{"embeddable":true,"href":"http:\/\/wgphoto.pl\/t\/index.php?rest_route=\/wp\/v2\/media\/16450"}],"wp:attachment":[{"href":"http:\/\/wgphoto.pl\/t\/index.php?rest_route=%2Fwp%2Fv2%2Fmedia&parent=16449"}],"wp:term":[{"taxonomy":"category","embeddable":true,"href":"http:\/\/wgphoto.pl\/t\/index.php?rest_route=%2Fwp%2Fv2%2Fcategories&post=16449"},{"taxonomy":"post_tag","embeddable":true,"href":"http:\/\/wgphoto.pl\/t\/index.php?rest_route=%2Fwp%2Fv2%2Ftags&post=16449"}],"curies":[{"name":"wp","href":"https:\/\/api.w.org\/{rel}","templated":true}]}}