{"id":16502,"date":"2025-04-19T16:01:11","date_gmt":"2025-04-19T14:01:11","guid":{"rendered":"https:\/\/wgphoto.pl\/t\/?p=16502"},"modified":"2025-04-19T16:01:11","modified_gmt":"2025-04-19T14:01:11","slug":"eu07-225","status":"publish","type":"post","link":"http:\/\/wgphoto.pl\/t\/?p=16502","title":{"rendered":"EU07-225"},"content":{"rendered":"\n<figure class=\"wp-block-image aligncenter size-full\"><img loading=\"lazy\" decoding=\"async\" width=\"703\" height=\"1050\" src=\"https:\/\/wgphoto.pl\/t\/wp-content\/uploads\/2025\/04\/IMGP0487.jpg\" alt=\"\" class=\"wp-image-16503\" srcset=\"http:\/\/wgphoto.pl\/t\/wp-content\/uploads\/2025\/04\/IMGP0487.jpg 703w, http:\/\/wgphoto.pl\/t\/wp-content\/uploads\/2025\/04\/IMGP0487-201x300.jpg 201w\" sizes=\"auto, (max-width: 703px) 100vw, 703px\" \/><\/figure>\n\n\n\n<div class=\"wp-block-group has-global-padding is-layout-constrained wp-block-group-is-layout-constrained\">\n<p>Poci\u0105g przyspieszony 6626 &#8222;Szklarka&#8221; z Kudowy-Zdroju do Wroc\u0142awia G\u0142\u00f3wnego (wagony bezpo\u015brednie do Poznania G\u0142\u00f3wnego) zbli\u017ca si\u0119 do stacji w Kamie\u0144cu Z\u0105bkowickim. 21.02.2009<\/p>\n<\/div>\n","protected":false},"excerpt":{"rendered":"<p>Poci\u0105g przyspieszony 6626 &#8222;Szklarka&#8221; z Kudowy-Zdroju do Wroc\u0142awia G\u0142\u00f3wnego (wagony bezpo\u015brednie do Poznania G\u0142\u00f3wnego) zbli\u017ca si\u0119 do stacji w Kamie\u0144cu Z\u0105bkowickim. 21.02.2009<\/p>\n","protected":false},"author":1,"featured_media":16503,"comment_status":"open","ping_status":"","sticky":false,"template":"","format":"standard","meta":{"footnotes":""},"categories":[2,128,169],"tags":[880,122,2274,63,27,3541,383],"class_list":["post-16502","post","type-post","status-publish","format-standard","has-post-thumbnail","hentry","category-kolej","category-pionowe","category-rok-2009","tag-2009-02-21","tag-eu07","tag-kamieniec-zabkowicki","tag-pkp","tag-polska","tag-suszka","tag-tab-pl230"],"_links":{"self":[{"href":"http:\/\/wgphoto.pl\/t\/index.php?rest_route=\/wp\/v2\/posts\/16502","targetHints":{"allow":["GET"]}}],"collection":[{"href":"http:\/\/wgphoto.pl\/t\/index.php?rest_route=\/wp\/v2\/posts"}],"about":[{"href":"http:\/\/wgphoto.pl\/t\/index.php?rest_route=\/wp\/v2\/types\/post"}],"author":[{"embeddable":true,"href":"http:\/\/wgphoto.pl\/t\/index.php?rest_route=\/wp\/v2\/users\/1"}],"replies":[{"embeddable":true,"href":"http:\/\/wgphoto.pl\/t\/index.php?rest_route=%2Fwp%2Fv2%2Fcomments&post=16502"}],"version-history":[{"count":1,"href":"http:\/\/wgphoto.pl\/t\/index.php?rest_route=\/wp\/v2\/posts\/16502\/revisions"}],"predecessor-version":[{"id":16504,"href":"http:\/\/wgphoto.pl\/t\/index.php?rest_route=\/wp\/v2\/posts\/16502\/revisions\/16504"}],"wp:featuredmedia":[{"embeddable":true,"href":"http:\/\/wgphoto.pl\/t\/index.php?rest_route=\/wp\/v2\/media\/16503"}],"wp:attachment":[{"href":"http:\/\/wgphoto.pl\/t\/index.php?rest_route=%2Fwp%2Fv2%2Fmedia&parent=16502"}],"wp:term":[{"taxonomy":"category","embeddable":true,"href":"http:\/\/wgphoto.pl\/t\/index.php?rest_route=%2Fwp%2Fv2%2Fcategories&post=16502"},{"taxonomy":"post_tag","embeddable":true,"href":"http:\/\/wgphoto.pl\/t\/index.php?rest_route=%2Fwp%2Fv2%2Ftags&post=16502"}],"curies":[{"name":"wp","href":"https:\/\/api.w.org\/{rel}","templated":true}]}}