{"id":16551,"date":"2025-04-19T16:17:37","date_gmt":"2025-04-19T14:17:37","guid":{"rendered":"https:\/\/wgphoto.pl\/t\/?p=16551"},"modified":"2025-04-19T16:17:37","modified_gmt":"2025-04-19T14:17:37","slug":"na-przejezdzie","status":"publish","type":"post","link":"http:\/\/wgphoto.pl\/t\/?p=16551","title":{"rendered":"Na przeje\u017adzie"},"content":{"rendered":"\n<figure class=\"wp-block-image aligncenter size-full\"><img loading=\"lazy\" decoding=\"async\" width=\"1200\" height=\"800\" src=\"https:\/\/wgphoto.pl\/t\/wp-content\/uploads\/2025\/04\/0310-16.jpg\" alt=\"\" class=\"wp-image-16552\" srcset=\"http:\/\/wgphoto.pl\/t\/wp-content\/uploads\/2025\/04\/0310-16.jpg 1200w, http:\/\/wgphoto.pl\/t\/wp-content\/uploads\/2025\/04\/0310-16-300x200.jpg 300w, http:\/\/wgphoto.pl\/t\/wp-content\/uploads\/2025\/04\/0310-16-768x512.jpg 768w\" sizes=\"auto, (max-width: 1200px) 100vw, 1200px\" \/><\/figure>\n\n\n\n<div class=\"wp-block-group has-global-padding is-layout-constrained wp-block-group-is-layout-constrained\">\n<p>Poci\u0105g osobowy 7723 z Wa\u0142brzycha G\u0142. do Lubawki mija przejazd DK5 niedaleko przed stacj\u0105 ko\u0144cow\u0105. Nie zd\u0105\u017cy\u0142em zapewne wyskoczy\u0107 z samochodu, to zrobi\u0142em takie. \ud83d\ude09 19.04.2003<\/p>\n<\/div>\n","protected":false},"excerpt":{"rendered":"<p>Poci\u0105g osobowy 7723 z Wa\u0142brzycha G\u0142. do Lubawki mija przejazd DK5 niedaleko przed stacj\u0105 ko\u0144cow\u0105. Nie zd\u0105\u017cy\u0142em zapewne wyskoczy\u0107 z samochodu, to zrobi\u0142em takie. \ud83d\ude09 19.04.2003<\/p>\n","protected":false},"author":1,"featured_media":16552,"comment_status":"open","ping_status":"","sticky":false,"template":"","format":"standard","meta":{"footnotes":""},"categories":[62,220,2,149],"tags":[3434,418,1435,63,27,385,627],"class_list":["post-16551","post","type-post","status-publish","format-standard","has-post-thumbnail","hentry","category-analog","category-blo","category-kolej","category-rok-2003","tag-2003-04-19","tag-auto","tag-lubawka","tag-pkp","tag-polska","tag-sp32","tag-tab-pl247"],"_links":{"self":[{"href":"http:\/\/wgphoto.pl\/t\/index.php?rest_route=\/wp\/v2\/posts\/16551","targetHints":{"allow":["GET"]}}],"collection":[{"href":"http:\/\/wgphoto.pl\/t\/index.php?rest_route=\/wp\/v2\/posts"}],"about":[{"href":"http:\/\/wgphoto.pl\/t\/index.php?rest_route=\/wp\/v2\/types\/post"}],"author":[{"embeddable":true,"href":"http:\/\/wgphoto.pl\/t\/index.php?rest_route=\/wp\/v2\/users\/1"}],"replies":[{"embeddable":true,"href":"http:\/\/wgphoto.pl\/t\/index.php?rest_route=%2Fwp%2Fv2%2Fcomments&post=16551"}],"version-history":[{"count":1,"href":"http:\/\/wgphoto.pl\/t\/index.php?rest_route=\/wp\/v2\/posts\/16551\/revisions"}],"predecessor-version":[{"id":16553,"href":"http:\/\/wgphoto.pl\/t\/index.php?rest_route=\/wp\/v2\/posts\/16551\/revisions\/16553"}],"wp:featuredmedia":[{"embeddable":true,"href":"http:\/\/wgphoto.pl\/t\/index.php?rest_route=\/wp\/v2\/media\/16552"}],"wp:attachment":[{"href":"http:\/\/wgphoto.pl\/t\/index.php?rest_route=%2Fwp%2Fv2%2Fmedia&parent=16551"}],"wp:term":[{"taxonomy":"category","embeddable":true,"href":"http:\/\/wgphoto.pl\/t\/index.php?rest_route=%2Fwp%2Fv2%2Fcategories&post=16551"},{"taxonomy":"post_tag","embeddable":true,"href":"http:\/\/wgphoto.pl\/t\/index.php?rest_route=%2Fwp%2Fv2%2Ftags&post=16551"}],"curies":[{"name":"wp","href":"https:\/\/api.w.org\/{rel}","templated":true}]}}