{"id":16554,"date":"2025-04-19T16:18:22","date_gmt":"2025-04-19T14:18:22","guid":{"rendered":"https:\/\/wgphoto.pl\/t\/?p=16554"},"modified":"2025-04-19T16:18:22","modified_gmt":"2025-04-19T14:18:22","slug":"konca-nie-widac-5","status":"publish","type":"post","link":"http:\/\/wgphoto.pl\/t\/?p=16554","title":{"rendered":"Ko\u0144ca nie wida\u0107"},"content":{"rendered":"\n<figure class=\"wp-block-image aligncenter size-full\"><img loading=\"lazy\" decoding=\"async\" width=\"1200\" height=\"800\" src=\"https:\/\/wgphoto.pl\/t\/wp-content\/uploads\/2025\/04\/0310-17.jpg\" alt=\"\" class=\"wp-image-16555\" srcset=\"http:\/\/wgphoto.pl\/t\/wp-content\/uploads\/2025\/04\/0310-17.jpg 1200w, http:\/\/wgphoto.pl\/t\/wp-content\/uploads\/2025\/04\/0310-17-300x200.jpg 300w, http:\/\/wgphoto.pl\/t\/wp-content\/uploads\/2025\/04\/0310-17-768x512.jpg 768w\" sizes=\"auto, (max-width: 1200px) 100vw, 1200px\" \/><\/figure>\n\n\n\n<div class=\"wp-block-group has-global-padding is-layout-constrained wp-block-group-is-layout-constrained\">\n<p>SP32-149 rozpocz\u0119\u0142a manewry na stacji w Lubawce. Na tym zdj\u0119ciu dobrze wida\u0107 ogrom tutejszego budynku dworcowego &#8211; wagony stoj\u0105 dok\u0142adnie na drugim jego ko\u0144cu. 19.04.2003<\/p>\n<\/div>\n","protected":false},"excerpt":{"rendered":"<p>SP32-149 rozpocz\u0119\u0142a manewry na stacji w Lubawce. Na tym zdj\u0119ciu dobrze wida\u0107 ogrom tutejszego budynku dworcowego &#8211; wagony stoj\u0105 dok\u0142adnie na drugim jego ko\u0144cu. 19.04.2003<\/p>\n","protected":false},"author":1,"featured_media":16555,"comment_status":"open","ping_status":"","sticky":false,"template":"","format":"standard","meta":{"footnotes":""},"categories":[62,2,149],"tags":[3434,1435,63,27,385,627],"class_list":["post-16554","post","type-post","status-publish","format-standard","has-post-thumbnail","hentry","category-analog","category-kolej","category-rok-2003","tag-2003-04-19","tag-lubawka","tag-pkp","tag-polska","tag-sp32","tag-tab-pl247"],"_links":{"self":[{"href":"http:\/\/wgphoto.pl\/t\/index.php?rest_route=\/wp\/v2\/posts\/16554","targetHints":{"allow":["GET"]}}],"collection":[{"href":"http:\/\/wgphoto.pl\/t\/index.php?rest_route=\/wp\/v2\/posts"}],"about":[{"href":"http:\/\/wgphoto.pl\/t\/index.php?rest_route=\/wp\/v2\/types\/post"}],"author":[{"embeddable":true,"href":"http:\/\/wgphoto.pl\/t\/index.php?rest_route=\/wp\/v2\/users\/1"}],"replies":[{"embeddable":true,"href":"http:\/\/wgphoto.pl\/t\/index.php?rest_route=%2Fwp%2Fv2%2Fcomments&post=16554"}],"version-history":[{"count":1,"href":"http:\/\/wgphoto.pl\/t\/index.php?rest_route=\/wp\/v2\/posts\/16554\/revisions"}],"predecessor-version":[{"id":16556,"href":"http:\/\/wgphoto.pl\/t\/index.php?rest_route=\/wp\/v2\/posts\/16554\/revisions\/16556"}],"wp:featuredmedia":[{"embeddable":true,"href":"http:\/\/wgphoto.pl\/t\/index.php?rest_route=\/wp\/v2\/media\/16555"}],"wp:attachment":[{"href":"http:\/\/wgphoto.pl\/t\/index.php?rest_route=%2Fwp%2Fv2%2Fmedia&parent=16554"}],"wp:term":[{"taxonomy":"category","embeddable":true,"href":"http:\/\/wgphoto.pl\/t\/index.php?rest_route=%2Fwp%2Fv2%2Fcategories&post=16554"},{"taxonomy":"post_tag","embeddable":true,"href":"http:\/\/wgphoto.pl\/t\/index.php?rest_route=%2Fwp%2Fv2%2Ftags&post=16554"}],"curies":[{"name":"wp","href":"https:\/\/api.w.org\/{rel}","templated":true}]}}