{"id":16557,"date":"2025-04-19T16:19:28","date_gmt":"2025-04-19T14:19:28","guid":{"rendered":"https:\/\/wgphoto.pl\/t\/?p=16557"},"modified":"2025-04-19T16:19:28","modified_gmt":"2025-04-19T14:19:28","slug":"cisza-przed-burza","status":"publish","type":"post","link":"http:\/\/wgphoto.pl\/t\/?p=16557","title":{"rendered":"Cisza przed burz\u0105"},"content":{"rendered":"\n<figure class=\"wp-block-image aligncenter size-full\"><img loading=\"lazy\" decoding=\"async\" width=\"1200\" height=\"800\" src=\"https:\/\/wgphoto.pl\/t\/wp-content\/uploads\/2025\/04\/0317-32.jpg\" alt=\"\" class=\"wp-image-16558\" srcset=\"http:\/\/wgphoto.pl\/t\/wp-content\/uploads\/2025\/04\/0317-32.jpg 1200w, http:\/\/wgphoto.pl\/t\/wp-content\/uploads\/2025\/04\/0317-32-300x200.jpg 300w, http:\/\/wgphoto.pl\/t\/wp-content\/uploads\/2025\/04\/0317-32-768x512.jpg 768w\" sizes=\"auto, (max-width: 1200px) 100vw, 1200px\" \/><\/figure>\n\n\n\n<div class=\"wp-block-group has-global-padding is-layout-constrained wp-block-group-is-layout-constrained\">\n<p>ST43-325 formuje w Kamiennej G\u00f3rze sk\u0142ad poci\u0105gu do Wa\u0142brzycha. Do wahad\u0142a kamienia do\u0142\u0105czono kilka wagon\u00f3w z Lubawki za\u0142adowanych drewnem. 03.07.2003<\/p>\n<\/div>\n","protected":false},"excerpt":{"rendered":"<p>ST43-325 formuje w Kamiennej G\u00f3rze sk\u0142ad poci\u0105gu do Wa\u0142brzycha. Do wahad\u0142a kamienia do\u0142\u0105czono kilka wagon\u00f3w z Lubawki za\u0142adowanych drewnem. 03.07.2003<\/p>\n","protected":false},"author":1,"featured_media":16558,"comment_status":"open","ping_status":"","sticky":false,"template":"","format":"standard","meta":{"footnotes":""},"categories":[62,2,149],"tags":[3722,629,162,63,27,64,53,627],"class_list":["post-16557","post","type-post","status-publish","format-standard","has-post-thumbnail","hentry","category-analog","category-kolej","category-rok-2003","tag-2003-07-03","tag-kamienna-gora","tag-niebo","tag-pkp","tag-polska","tag-st43","tag-sygnalizacja-ksztaltowa","tag-tab-pl247"],"_links":{"self":[{"href":"http:\/\/wgphoto.pl\/t\/index.php?rest_route=\/wp\/v2\/posts\/16557","targetHints":{"allow":["GET"]}}],"collection":[{"href":"http:\/\/wgphoto.pl\/t\/index.php?rest_route=\/wp\/v2\/posts"}],"about":[{"href":"http:\/\/wgphoto.pl\/t\/index.php?rest_route=\/wp\/v2\/types\/post"}],"author":[{"embeddable":true,"href":"http:\/\/wgphoto.pl\/t\/index.php?rest_route=\/wp\/v2\/users\/1"}],"replies":[{"embeddable":true,"href":"http:\/\/wgphoto.pl\/t\/index.php?rest_route=%2Fwp%2Fv2%2Fcomments&post=16557"}],"version-history":[{"count":1,"href":"http:\/\/wgphoto.pl\/t\/index.php?rest_route=\/wp\/v2\/posts\/16557\/revisions"}],"predecessor-version":[{"id":16559,"href":"http:\/\/wgphoto.pl\/t\/index.php?rest_route=\/wp\/v2\/posts\/16557\/revisions\/16559"}],"wp:featuredmedia":[{"embeddable":true,"href":"http:\/\/wgphoto.pl\/t\/index.php?rest_route=\/wp\/v2\/media\/16558"}],"wp:attachment":[{"href":"http:\/\/wgphoto.pl\/t\/index.php?rest_route=%2Fwp%2Fv2%2Fmedia&parent=16557"}],"wp:term":[{"taxonomy":"category","embeddable":true,"href":"http:\/\/wgphoto.pl\/t\/index.php?rest_route=%2Fwp%2Fv2%2Fcategories&post=16557"},{"taxonomy":"post_tag","embeddable":true,"href":"http:\/\/wgphoto.pl\/t\/index.php?rest_route=%2Fwp%2Fv2%2Ftags&post=16557"}],"curies":[{"name":"wp","href":"https:\/\/api.w.org\/{rel}","templated":true}]}}