{"id":16560,"date":"2025-04-19T16:20:22","date_gmt":"2025-04-19T14:20:22","guid":{"rendered":"https:\/\/wgphoto.pl\/t\/?p=16560"},"modified":"2025-04-19T16:20:22","modified_gmt":"2025-04-19T14:20:22","slug":"cisza-po-burzy","status":"publish","type":"post","link":"http:\/\/wgphoto.pl\/t\/?p=16560","title":{"rendered":"Cisza po burzy"},"content":{"rendered":"\n<figure class=\"wp-block-image aligncenter size-full\"><img loading=\"lazy\" decoding=\"async\" width=\"1200\" height=\"675\" src=\"https:\/\/wgphoto.pl\/t\/wp-content\/uploads\/2025\/04\/0317-34.jpg\" alt=\"\" class=\"wp-image-16561\" srcset=\"http:\/\/wgphoto.pl\/t\/wp-content\/uploads\/2025\/04\/0317-34.jpg 1200w, http:\/\/wgphoto.pl\/t\/wp-content\/uploads\/2025\/04\/0317-34-300x169.jpg 300w, http:\/\/wgphoto.pl\/t\/wp-content\/uploads\/2025\/04\/0317-34-768x432.jpg 768w\" sizes=\"auto, (max-width: 1200px) 100vw, 1200px\" \/><\/figure>\n\n\n\n<div class=\"wp-block-group has-global-padding is-layout-constrained wp-block-group-is-layout-constrained\">\n<p>Kamienna G\u00f3ra &#8211; S\u0119dzis\u0142aw. ST43-354 i 325 prowadz\u0105 brutto w kierunku Wa\u0142brzycha, a okoliczne pag\u00f3rki paruj\u0105 i niebo si\u0119 przeja\u015bnia po letniej burzy. 03.07.2003<\/p>\n<\/div>\n","protected":false},"excerpt":{"rendered":"<p>Kamienna G\u00f3ra &#8211; S\u0119dzis\u0142aw. ST43-354 i 325 prowadz\u0105 brutto w kierunku Wa\u0142brzycha, a okoliczne pag\u00f3rki paruj\u0105 i niebo si\u0119 przeja\u015bnia po letniej burzy. 03.07.2003<\/p>\n","protected":false},"author":1,"featured_media":16561,"comment_status":"open","ping_status":"","sticky":false,"template":"","format":"standard","meta":{"footnotes":""},"categories":[62,2,149],"tags":[3722,629,63,27,1061,64,627],"class_list":["post-16560","post","type-post","status-publish","format-standard","has-post-thumbnail","hentry","category-analog","category-kolej","category-rok-2003","tag-2003-07-03","tag-kamienna-gora","tag-pkp","tag-polska","tag-sedzislaw","tag-st43","tag-tab-pl247"],"_links":{"self":[{"href":"http:\/\/wgphoto.pl\/t\/index.php?rest_route=\/wp\/v2\/posts\/16560","targetHints":{"allow":["GET"]}}],"collection":[{"href":"http:\/\/wgphoto.pl\/t\/index.php?rest_route=\/wp\/v2\/posts"}],"about":[{"href":"http:\/\/wgphoto.pl\/t\/index.php?rest_route=\/wp\/v2\/types\/post"}],"author":[{"embeddable":true,"href":"http:\/\/wgphoto.pl\/t\/index.php?rest_route=\/wp\/v2\/users\/1"}],"replies":[{"embeddable":true,"href":"http:\/\/wgphoto.pl\/t\/index.php?rest_route=%2Fwp%2Fv2%2Fcomments&post=16560"}],"version-history":[{"count":1,"href":"http:\/\/wgphoto.pl\/t\/index.php?rest_route=\/wp\/v2\/posts\/16560\/revisions"}],"predecessor-version":[{"id":16562,"href":"http:\/\/wgphoto.pl\/t\/index.php?rest_route=\/wp\/v2\/posts\/16560\/revisions\/16562"}],"wp:featuredmedia":[{"embeddable":true,"href":"http:\/\/wgphoto.pl\/t\/index.php?rest_route=\/wp\/v2\/media\/16561"}],"wp:attachment":[{"href":"http:\/\/wgphoto.pl\/t\/index.php?rest_route=%2Fwp%2Fv2%2Fmedia&parent=16560"}],"wp:term":[{"taxonomy":"category","embeddable":true,"href":"http:\/\/wgphoto.pl\/t\/index.php?rest_route=%2Fwp%2Fv2%2Fcategories&post=16560"},{"taxonomy":"post_tag","embeddable":true,"href":"http:\/\/wgphoto.pl\/t\/index.php?rest_route=%2Fwp%2Fv2%2Ftags&post=16560"}],"curies":[{"name":"wp","href":"https:\/\/api.w.org\/{rel}","templated":true}]}}