{"id":16629,"date":"2025-05-03T12:52:31","date_gmt":"2025-05-03T10:52:31","guid":{"rendered":"https:\/\/wgphoto.pl\/t\/?p=16629"},"modified":"2025-05-03T12:52:31","modified_gmt":"2025-05-03T10:52:31","slug":"2bhp-w-wierzchucinie","status":"publish","type":"post","link":"http:\/\/wgphoto.pl\/t\/?p=16629","title":{"rendered":"2Bhp w Wierzchucinie"},"content":{"rendered":"\n<figure class=\"wp-block-image aligncenter size-full\"><img loading=\"lazy\" decoding=\"async\" width=\"1400\" height=\"927\" src=\"https:\/\/wgphoto.pl\/t\/wp-content\/uploads\/2025\/05\/0510-01_rsn.jpg\" alt=\"\" class=\"wp-image-16630\" srcset=\"http:\/\/wgphoto.pl\/t\/wp-content\/uploads\/2025\/05\/0510-01_rsn.jpg 1400w, http:\/\/wgphoto.pl\/t\/wp-content\/uploads\/2025\/05\/0510-01_rsn-300x199.jpg 300w, http:\/\/wgphoto.pl\/t\/wp-content\/uploads\/2025\/05\/0510-01_rsn-768x509.jpg 768w\" sizes=\"auto, (max-width: 1400px) 100vw, 1400px\" \/><\/figure>\n\n\n\n<div class=\"wp-block-group has-global-padding is-layout-constrained wp-block-group-is-layout-constrained\">\n<p>Poci\u0105g osobowy 90221 z Bydgoszczy do Chojnic wje\u017cd\u017ca do Wierzchucina. Druga Bipa jedzie jako podsy\u0142 ze Skar\u017cyska-Kamiennej, zapewne do nowego &#8222;domu&#8221;. 03.05.2005<\/p>\n<\/div>\n","protected":false},"excerpt":{"rendered":"<p>Poci\u0105g osobowy 90221 z Bydgoszczy do Chojnic wje\u017cd\u017ca do Wierzchucina. Druga Bipa jedzie jako podsy\u0142 ze Skar\u017cyska-Kamiennej, zapewne do nowego &#8222;domu&#8221;. 03.05.2005<\/p>\n","protected":false},"author":1,"featured_media":16630,"comment_status":"open","ping_status":"","sticky":false,"template":"","format":"standard","meta":{"footnotes":""},"categories":[62,2,311],"tags":[1043,288,173,645,63,27,793,265,1774],"class_list":["post-16629","post","type-post","status-publish","format-standard","has-post-thumbnail","hentry","category-analog","category-kolej","category-rok-2005","tag-2005-05-03","tag-bipa","tag-koncowki","tag-majowka-2005-2","tag-pkp","tag-polska","tag-tab-pl431","tag-wagon","tag-wierzchucin"],"_links":{"self":[{"href":"http:\/\/wgphoto.pl\/t\/index.php?rest_route=\/wp\/v2\/posts\/16629","targetHints":{"allow":["GET"]}}],"collection":[{"href":"http:\/\/wgphoto.pl\/t\/index.php?rest_route=\/wp\/v2\/posts"}],"about":[{"href":"http:\/\/wgphoto.pl\/t\/index.php?rest_route=\/wp\/v2\/types\/post"}],"author":[{"embeddable":true,"href":"http:\/\/wgphoto.pl\/t\/index.php?rest_route=\/wp\/v2\/users\/1"}],"replies":[{"embeddable":true,"href":"http:\/\/wgphoto.pl\/t\/index.php?rest_route=%2Fwp%2Fv2%2Fcomments&post=16629"}],"version-history":[{"count":1,"href":"http:\/\/wgphoto.pl\/t\/index.php?rest_route=\/wp\/v2\/posts\/16629\/revisions"}],"predecessor-version":[{"id":16631,"href":"http:\/\/wgphoto.pl\/t\/index.php?rest_route=\/wp\/v2\/posts\/16629\/revisions\/16631"}],"wp:featuredmedia":[{"embeddable":true,"href":"http:\/\/wgphoto.pl\/t\/index.php?rest_route=\/wp\/v2\/media\/16630"}],"wp:attachment":[{"href":"http:\/\/wgphoto.pl\/t\/index.php?rest_route=%2Fwp%2Fv2%2Fmedia&parent=16629"}],"wp:term":[{"taxonomy":"category","embeddable":true,"href":"http:\/\/wgphoto.pl\/t\/index.php?rest_route=%2Fwp%2Fv2%2Fcategories&post=16629"},{"taxonomy":"post_tag","embeddable":true,"href":"http:\/\/wgphoto.pl\/t\/index.php?rest_route=%2Fwp%2Fv2%2Ftags&post=16629"}],"curies":[{"name":"wp","href":"https:\/\/api.w.org\/{rel}","templated":true}]}}