{"id":16638,"date":"2025-05-03T14:24:28","date_gmt":"2025-05-03T12:24:28","guid":{"rendered":"https:\/\/wgphoto.pl\/t\/?p=16638"},"modified":"2025-05-03T14:24:28","modified_gmt":"2025-05-03T12:24:28","slug":"niemcy-na-wycieczce","status":"publish","type":"post","link":"http:\/\/wgphoto.pl\/t\/?p=16638","title":{"rendered":"Niemcy na wycieczce"},"content":{"rendered":"\n<figure class=\"wp-block-image aligncenter size-full\"><img loading=\"lazy\" decoding=\"async\" width=\"1400\" height=\"927\" src=\"https:\/\/wgphoto.pl\/t\/wp-content\/uploads\/2025\/05\/0313-13_rsn.jpg\" alt=\"\" class=\"wp-image-16639\" srcset=\"http:\/\/wgphoto.pl\/t\/wp-content\/uploads\/2025\/05\/0313-13_rsn.jpg 1400w, http:\/\/wgphoto.pl\/t\/wp-content\/uploads\/2025\/05\/0313-13_rsn-300x199.jpg 300w, http:\/\/wgphoto.pl\/t\/wp-content\/uploads\/2025\/05\/0313-13_rsn-768x509.jpg 768w\" sizes=\"auto, (max-width: 1400px) 100vw, 1400px\" \/><\/figure>\n\n\n\n<div class=\"wp-block-group has-global-padding is-layout-constrained wp-block-group-is-layout-constrained\">\n<p>Ol49-69 z niemieckim sk\u0142adem odje\u017cd\u017ca z Wolsztyna najprawdopodobniej do Konotopu. 03.05.2003<\/p>\n<\/div>\n","protected":false},"excerpt":{"rendered":"<p>Ol49-69 z niemieckim sk\u0142adem odje\u017cd\u017ca z Wolsztyna najprawdopodobniej do Konotopu. 03.05.2003<\/p>\n","protected":false},"author":1,"featured_media":16639,"comment_status":"open","ping_status":"","sticky":false,"template":"","format":"standard","meta":{"footnotes":""},"categories":[62,2,149],"tags":[3738,151,2124,358,63,27,3580],"class_list":["post-16638","post","type-post","status-publish","format-standard","has-post-thumbnail","hentry","category-analog","category-kolej","category-rok-2003","tag-2003-05-03","tag-ludzie","tag-ol49","tag-parowoz","tag-pkp","tag-polska","tag-wolsztyn"],"_links":{"self":[{"href":"http:\/\/wgphoto.pl\/t\/index.php?rest_route=\/wp\/v2\/posts\/16638","targetHints":{"allow":["GET"]}}],"collection":[{"href":"http:\/\/wgphoto.pl\/t\/index.php?rest_route=\/wp\/v2\/posts"}],"about":[{"href":"http:\/\/wgphoto.pl\/t\/index.php?rest_route=\/wp\/v2\/types\/post"}],"author":[{"embeddable":true,"href":"http:\/\/wgphoto.pl\/t\/index.php?rest_route=\/wp\/v2\/users\/1"}],"replies":[{"embeddable":true,"href":"http:\/\/wgphoto.pl\/t\/index.php?rest_route=%2Fwp%2Fv2%2Fcomments&post=16638"}],"version-history":[{"count":1,"href":"http:\/\/wgphoto.pl\/t\/index.php?rest_route=\/wp\/v2\/posts\/16638\/revisions"}],"predecessor-version":[{"id":16640,"href":"http:\/\/wgphoto.pl\/t\/index.php?rest_route=\/wp\/v2\/posts\/16638\/revisions\/16640"}],"wp:featuredmedia":[{"embeddable":true,"href":"http:\/\/wgphoto.pl\/t\/index.php?rest_route=\/wp\/v2\/media\/16639"}],"wp:attachment":[{"href":"http:\/\/wgphoto.pl\/t\/index.php?rest_route=%2Fwp%2Fv2%2Fmedia&parent=16638"}],"wp:term":[{"taxonomy":"category","embeddable":true,"href":"http:\/\/wgphoto.pl\/t\/index.php?rest_route=%2Fwp%2Fv2%2Fcategories&post=16638"},{"taxonomy":"post_tag","embeddable":true,"href":"http:\/\/wgphoto.pl\/t\/index.php?rest_route=%2Fwp%2Fv2%2Ftags&post=16638"}],"curies":[{"name":"wp","href":"https:\/\/api.w.org\/{rel}","templated":true}]}}