{"id":16650,"date":"2025-05-03T14:27:37","date_gmt":"2025-05-03T12:27:37","guid":{"rendered":"https:\/\/wgphoto.pl\/t\/?p=16650"},"modified":"2025-05-03T14:27:37","modified_gmt":"2025-05-03T12:27:37","slug":"kolejarz","status":"publish","type":"post","link":"http:\/\/wgphoto.pl\/t\/?p=16650","title":{"rendered":"Kolejarz"},"content":{"rendered":"\n<figure class=\"wp-block-image aligncenter size-full\"><img loading=\"lazy\" decoding=\"async\" width=\"662\" height=\"1000\" src=\"https:\/\/wgphoto.pl\/t\/wp-content\/uploads\/2025\/05\/0313-20_rsn.jpg\" alt=\"\" class=\"wp-image-16651\" srcset=\"http:\/\/wgphoto.pl\/t\/wp-content\/uploads\/2025\/05\/0313-20_rsn.jpg 662w, http:\/\/wgphoto.pl\/t\/wp-content\/uploads\/2025\/05\/0313-20_rsn-199x300.jpg 199w\" sizes=\"auto, (max-width: 662px) 100vw, 662px\" \/><\/figure>\n\n\n\n<div class=\"wp-block-group has-global-padding is-layout-constrained wp-block-group-is-layout-constrained\">\n<p>Tr5-65 &#8211; go\u015b\u0107 z Jaworzyny w Wolsztynie. Lubi\u0119 to foto ze wzl\u0119du na ludzki akcent i detale takie jak mundur czy polski orze\u0142ek. 03.05.2003<\/p>\n<\/div>\n","protected":false},"excerpt":{"rendered":"<p>Tr5-65 &#8211; go\u015b\u0107 z Jaworzyny w Wolsztynie. Lubi\u0119 to foto ze wzl\u0119du na ludzki akcent i detale takie jak mundur czy polski orze\u0142ek. 03.05.2003<\/p>\n","protected":false},"author":1,"featured_media":16651,"comment_status":"open","ping_status":"","sticky":false,"template":"","format":"standard","meta":{"footnotes":""},"categories":[62,220,2,128,149],"tags":[3738,151,358,32,63,27,3740,3580],"class_list":["post-16650","post","type-post","status-publish","format-standard","has-post-thumbnail","hentry","category-analog","category-blo","category-kolej","category-pionowe","category-rok-2003","tag-2003-05-03","tag-ludzie","tag-parowoz","tag-pionowe","tag-pkp","tag-polska","tag-tr5","tag-wolsztyn"],"_links":{"self":[{"href":"http:\/\/wgphoto.pl\/t\/index.php?rest_route=\/wp\/v2\/posts\/16650","targetHints":{"allow":["GET"]}}],"collection":[{"href":"http:\/\/wgphoto.pl\/t\/index.php?rest_route=\/wp\/v2\/posts"}],"about":[{"href":"http:\/\/wgphoto.pl\/t\/index.php?rest_route=\/wp\/v2\/types\/post"}],"author":[{"embeddable":true,"href":"http:\/\/wgphoto.pl\/t\/index.php?rest_route=\/wp\/v2\/users\/1"}],"replies":[{"embeddable":true,"href":"http:\/\/wgphoto.pl\/t\/index.php?rest_route=%2Fwp%2Fv2%2Fcomments&post=16650"}],"version-history":[{"count":1,"href":"http:\/\/wgphoto.pl\/t\/index.php?rest_route=\/wp\/v2\/posts\/16650\/revisions"}],"predecessor-version":[{"id":16652,"href":"http:\/\/wgphoto.pl\/t\/index.php?rest_route=\/wp\/v2\/posts\/16650\/revisions\/16652"}],"wp:featuredmedia":[{"embeddable":true,"href":"http:\/\/wgphoto.pl\/t\/index.php?rest_route=\/wp\/v2\/media\/16651"}],"wp:attachment":[{"href":"http:\/\/wgphoto.pl\/t\/index.php?rest_route=%2Fwp%2Fv2%2Fmedia&parent=16650"}],"wp:term":[{"taxonomy":"category","embeddable":true,"href":"http:\/\/wgphoto.pl\/t\/index.php?rest_route=%2Fwp%2Fv2%2Fcategories&post=16650"},{"taxonomy":"post_tag","embeddable":true,"href":"http:\/\/wgphoto.pl\/t\/index.php?rest_route=%2Fwp%2Fv2%2Ftags&post=16650"}],"curies":[{"name":"wp","href":"https:\/\/api.w.org\/{rel}","templated":true}]}}