{"id":16653,"date":"2025-05-03T14:29:11","date_gmt":"2025-05-03T12:29:11","guid":{"rendered":"https:\/\/wgphoto.pl\/t\/?p=16653"},"modified":"2025-05-03T14:29:11","modified_gmt":"2025-05-03T12:29:11","slug":"pm36-2","status":"publish","type":"post","link":"http:\/\/wgphoto.pl\/t\/?p=16653","title":{"rendered":"Pm36-2"},"content":{"rendered":"\n<figure class=\"wp-block-image aligncenter size-full\"><img loading=\"lazy\" decoding=\"async\" width=\"1400\" height=\"927\" src=\"https:\/\/wgphoto.pl\/t\/wp-content\/uploads\/2025\/05\/0313-27_rsn.jpg\" alt=\"\" class=\"wp-image-16654\" srcset=\"http:\/\/wgphoto.pl\/t\/wp-content\/uploads\/2025\/05\/0313-27_rsn.jpg 1400w, http:\/\/wgphoto.pl\/t\/wp-content\/uploads\/2025\/05\/0313-27_rsn-300x199.jpg 300w, http:\/\/wgphoto.pl\/t\/wp-content\/uploads\/2025\/05\/0313-27_rsn-768x509.jpg 768w\" sizes=\"auto, (max-width: 1400px) 100vw, 1400px\" \/><\/figure>\n\n\n\n<div class=\"wp-block-group has-global-padding is-layout-constrained wp-block-group-is-layout-constrained\">\n<p>Na parad\u0119 parowoz\u00f3w wybra\u0142em si\u0119 raz w \u017cyciu i wystarczy. Mam wi\u0119cej takich nudnych zdj\u0119\u0107, ale mo\u017ce je zaprezentuj\u0119 przy okazji przysz\u0142ych maj\u00f3wek lub innych znamienitych okazji. \ud83d\ude09 Wolsztyn, 03.05.2003<\/p>\n<\/div>\n","protected":false},"excerpt":{"rendered":"<p>Na parad\u0119 parowoz\u00f3w wybra\u0142em si\u0119 raz w \u017cyciu i wystarczy. Mam wi\u0119cej takich nudnych zdj\u0119\u0107, ale mo\u017ce je zaprezentuj\u0119 przy okazji przysz\u0142ych maj\u00f3wek lub innych znamienitych okazji. \ud83d\ude09 Wolsztyn, 03.05.2003<\/p>\n","protected":false},"author":1,"featured_media":16654,"comment_status":"open","ping_status":"","sticky":false,"template":"","format":"standard","meta":{"footnotes":""},"categories":[62,2,149],"tags":[3738,358,63,3721,27,53,3580],"class_list":["post-16653","post","type-post","status-publish","format-standard","has-post-thumbnail","hentry","category-analog","category-kolej","category-rok-2003","tag-2003-05-03","tag-parowoz","tag-pkp","tag-pm36","tag-polska","tag-sygnalizacja-ksztaltowa","tag-wolsztyn"],"_links":{"self":[{"href":"http:\/\/wgphoto.pl\/t\/index.php?rest_route=\/wp\/v2\/posts\/16653","targetHints":{"allow":["GET"]}}],"collection":[{"href":"http:\/\/wgphoto.pl\/t\/index.php?rest_route=\/wp\/v2\/posts"}],"about":[{"href":"http:\/\/wgphoto.pl\/t\/index.php?rest_route=\/wp\/v2\/types\/post"}],"author":[{"embeddable":true,"href":"http:\/\/wgphoto.pl\/t\/index.php?rest_route=\/wp\/v2\/users\/1"}],"replies":[{"embeddable":true,"href":"http:\/\/wgphoto.pl\/t\/index.php?rest_route=%2Fwp%2Fv2%2Fcomments&post=16653"}],"version-history":[{"count":1,"href":"http:\/\/wgphoto.pl\/t\/index.php?rest_route=\/wp\/v2\/posts\/16653\/revisions"}],"predecessor-version":[{"id":16655,"href":"http:\/\/wgphoto.pl\/t\/index.php?rest_route=\/wp\/v2\/posts\/16653\/revisions\/16655"}],"wp:featuredmedia":[{"embeddable":true,"href":"http:\/\/wgphoto.pl\/t\/index.php?rest_route=\/wp\/v2\/media\/16654"}],"wp:attachment":[{"href":"http:\/\/wgphoto.pl\/t\/index.php?rest_route=%2Fwp%2Fv2%2Fmedia&parent=16653"}],"wp:term":[{"taxonomy":"category","embeddable":true,"href":"http:\/\/wgphoto.pl\/t\/index.php?rest_route=%2Fwp%2Fv2%2Fcategories&post=16653"},{"taxonomy":"post_tag","embeddable":true,"href":"http:\/\/wgphoto.pl\/t\/index.php?rest_route=%2Fwp%2Fv2%2Ftags&post=16653"}],"curies":[{"name":"wp","href":"https:\/\/api.w.org\/{rel}","templated":true}]}}