{"id":16668,"date":"2025-05-03T20:31:16","date_gmt":"2025-05-03T18:31:16","guid":{"rendered":"https:\/\/wgphoto.pl\/t\/?p=16668"},"modified":"2025-05-03T20:31:16","modified_gmt":"2025-05-03T18:31:16","slug":"wciaz-jest-pewien-zachwyt","status":"publish","type":"post","link":"http:\/\/wgphoto.pl\/t\/?p=16668","title":{"rendered":"Wci\u0105\u017c jest pewien zachwyt"},"content":{"rendered":"\n<figure class=\"wp-block-image aligncenter size-full\"><img loading=\"lazy\" decoding=\"async\" width=\"1400\" height=\"927\" src=\"https:\/\/wgphoto.pl\/t\/wp-content\/uploads\/2025\/05\/0313-00_rsn.jpg\" alt=\"\" class=\"wp-image-16669\" srcset=\"http:\/\/wgphoto.pl\/t\/wp-content\/uploads\/2025\/05\/0313-00_rsn.jpg 1400w, http:\/\/wgphoto.pl\/t\/wp-content\/uploads\/2025\/05\/0313-00_rsn-300x199.jpg 300w, http:\/\/wgphoto.pl\/t\/wp-content\/uploads\/2025\/05\/0313-00_rsn-768x509.jpg 768w\" sizes=\"auto, (max-width: 1400px) 100vw, 1400px\" \/><\/figure>\n\n\n\n<div class=\"wp-block-group has-global-padding is-layout-constrained wp-block-group-is-layout-constrained\">\n<p>Krak\u00f3w, ul. Nowos\u0105decka, NGT6Kr 2011 na trasie na Kurdwan\u00f3w. Min\u0119\u0142y 22 lata, a zar\u00f3wno tramwaj, jak i infrastruktura (sie\u0107 trakcyjna w stylu &#8222;niemieckim&#8221; i w og\u00f3le nowo\u015b\u0107 trasy) wci\u0105\u017c jawi\u0105 si\u0119 jako co\u015b nowoczesnego, przynajmniej z mojego punktu widzenia &#8211; Krakusy mo\u017ce widz\u0105 to inaczej. 02.05.2003<\/p>\n<\/div>\n","protected":false},"excerpt":{"rendered":"<p>Krak\u00f3w, ul. Nowos\u0105decka, NGT6Kr 2011 na trasie na Kurdwan\u00f3w. Min\u0119\u0142y 22 lata, a zar\u00f3wno tramwaj, jak i infrastruktura (sie\u0107 trakcyjna w stylu &#8222;niemieckim&#8221; i w og\u00f3le nowo\u015b\u0107 trasy) wci\u0105\u017c jawi\u0105 si\u0119 jako co\u015b nowoczesnego, przynajmniej z mojego punktu widzenia &#8211; Krakusy mo\u017ce widz\u0105 to inaczej. 02.05.2003<\/p>\n","protected":false},"author":1,"featured_media":16669,"comment_status":"open","ping_status":"","sticky":false,"template":"","format":"standard","meta":{"footnotes":""},"categories":[62,149,3],"tags":[3741,1126,664,663,27,294],"class_list":["post-16668","post","type-post","status-publish","format-standard","has-post-thumbnail","hentry","category-analog","category-rok-2003","category-tramwaj","tag-2003-05-02","tag-bombardier-flexity-classic","tag-krakow","tag-mpk-krakow","tag-polska","tag-wiosna"],"_links":{"self":[{"href":"http:\/\/wgphoto.pl\/t\/index.php?rest_route=\/wp\/v2\/posts\/16668","targetHints":{"allow":["GET"]}}],"collection":[{"href":"http:\/\/wgphoto.pl\/t\/index.php?rest_route=\/wp\/v2\/posts"}],"about":[{"href":"http:\/\/wgphoto.pl\/t\/index.php?rest_route=\/wp\/v2\/types\/post"}],"author":[{"embeddable":true,"href":"http:\/\/wgphoto.pl\/t\/index.php?rest_route=\/wp\/v2\/users\/1"}],"replies":[{"embeddable":true,"href":"http:\/\/wgphoto.pl\/t\/index.php?rest_route=%2Fwp%2Fv2%2Fcomments&post=16668"}],"version-history":[{"count":1,"href":"http:\/\/wgphoto.pl\/t\/index.php?rest_route=\/wp\/v2\/posts\/16668\/revisions"}],"predecessor-version":[{"id":16670,"href":"http:\/\/wgphoto.pl\/t\/index.php?rest_route=\/wp\/v2\/posts\/16668\/revisions\/16670"}],"wp:featuredmedia":[{"embeddable":true,"href":"http:\/\/wgphoto.pl\/t\/index.php?rest_route=\/wp\/v2\/media\/16669"}],"wp:attachment":[{"href":"http:\/\/wgphoto.pl\/t\/index.php?rest_route=%2Fwp%2Fv2%2Fmedia&parent=16668"}],"wp:term":[{"taxonomy":"category","embeddable":true,"href":"http:\/\/wgphoto.pl\/t\/index.php?rest_route=%2Fwp%2Fv2%2Fcategories&post=16668"},{"taxonomy":"post_tag","embeddable":true,"href":"http:\/\/wgphoto.pl\/t\/index.php?rest_route=%2Fwp%2Fv2%2Ftags&post=16668"}],"curies":[{"name":"wp","href":"https:\/\/api.w.org\/{rel}","templated":true}]}}