{"id":16672,"date":"2025-05-04T15:20:58","date_gmt":"2025-05-04T13:20:58","guid":{"rendered":"https:\/\/wgphoto.pl\/t\/?p=16672"},"modified":"2025-05-04T15:20:58","modified_gmt":"2025-05-04T13:20:58","slug":"wilkommen-in-baselworld","status":"publish","type":"post","link":"http:\/\/wgphoto.pl\/t\/?p=16672","title":{"rendered":"Wilkommen in Baselworld"},"content":{"rendered":"\n<figure class=\"wp-block-image aligncenter size-full\"><img loading=\"lazy\" decoding=\"async\" width=\"1200\" height=\"795\" src=\"https:\/\/wgphoto.pl\/t\/wp-content\/uploads\/2025\/05\/IMGP7206.jpg\" alt=\"\" class=\"wp-image-16673\" srcset=\"http:\/\/wgphoto.pl\/t\/wp-content\/uploads\/2025\/05\/IMGP7206.jpg 1200w, http:\/\/wgphoto.pl\/t\/wp-content\/uploads\/2025\/05\/IMGP7206-300x199.jpg 300w, http:\/\/wgphoto.pl\/t\/wp-content\/uploads\/2025\/05\/IMGP7206-768x509.jpg 768w\" sizes=\"auto, (max-width: 1200px) 100vw, 1200px\" \/><\/figure>\n\n\n\n<div class=\"wp-block-group has-global-padding is-layout-constrained wp-block-group-is-layout-constrained\">\n<p>Tytu\u0142 zdj\u0119cia podsun\u0119\u0142y mi chor\u0105giewki wisz\u0105ce nad Marktplatz w Bazylei, ale pasuje to tak\u017ce do prezentowanego tramwaju. Co prawda bogaci Szwajcarzy wymieniaj\u0105 tabor na nowy, ale stary, nienagannie utrzymany, r\u00f3wnie\u017c nikomu nie przeszkadza. 22.03.2018<\/p>\n<\/div>\n","protected":false},"excerpt":{"rendered":"<p>Tytu\u0142 zdj\u0119cia podsun\u0119\u0142y mi chor\u0105giewki wisz\u0105ce nad Marktplatz w Bazylei, ale pasuje to tak\u017ce do prezentowanego tramwaju. Co prawda bogaci Szwajcarzy wymieniaj\u0105 tabor na nowy, ale stary, nienagannie utrzymany, r\u00f3wnie\u017c nikomu nie przeszkadza. 22.03.2018<\/p>\n","protected":false},"author":1,"featured_media":16673,"comment_status":"open","ping_status":"","sticky":false,"template":"","format":"standard","meta":{"footnotes":""},"categories":[156,3],"tags":[382,378,379,143,135,1423,183,186],"class_list":["post-16672","post","type-post","status-publish","format-standard","has-post-thumbnail","hentry","category-rok-2018","category-tramwaj","tag-2018-03-22","tag-bazylea","tag-bvb-basel","tag-ponad-30m","tag-potrojniak","tag-schindler-be","tag-suissetrip-2018","tag-szwajcaria"],"_links":{"self":[{"href":"http:\/\/wgphoto.pl\/t\/index.php?rest_route=\/wp\/v2\/posts\/16672","targetHints":{"allow":["GET"]}}],"collection":[{"href":"http:\/\/wgphoto.pl\/t\/index.php?rest_route=\/wp\/v2\/posts"}],"about":[{"href":"http:\/\/wgphoto.pl\/t\/index.php?rest_route=\/wp\/v2\/types\/post"}],"author":[{"embeddable":true,"href":"http:\/\/wgphoto.pl\/t\/index.php?rest_route=\/wp\/v2\/users\/1"}],"replies":[{"embeddable":true,"href":"http:\/\/wgphoto.pl\/t\/index.php?rest_route=%2Fwp%2Fv2%2Fcomments&post=16672"}],"version-history":[{"count":1,"href":"http:\/\/wgphoto.pl\/t\/index.php?rest_route=\/wp\/v2\/posts\/16672\/revisions"}],"predecessor-version":[{"id":16674,"href":"http:\/\/wgphoto.pl\/t\/index.php?rest_route=\/wp\/v2\/posts\/16672\/revisions\/16674"}],"wp:featuredmedia":[{"embeddable":true,"href":"http:\/\/wgphoto.pl\/t\/index.php?rest_route=\/wp\/v2\/media\/16673"}],"wp:attachment":[{"href":"http:\/\/wgphoto.pl\/t\/index.php?rest_route=%2Fwp%2Fv2%2Fmedia&parent=16672"}],"wp:term":[{"taxonomy":"category","embeddable":true,"href":"http:\/\/wgphoto.pl\/t\/index.php?rest_route=%2Fwp%2Fv2%2Fcategories&post=16672"},{"taxonomy":"post_tag","embeddable":true,"href":"http:\/\/wgphoto.pl\/t\/index.php?rest_route=%2Fwp%2Fv2%2Ftags&post=16672"}],"curies":[{"name":"wp","href":"https:\/\/api.w.org\/{rel}","templated":true}]}}