{"id":16687,"date":"2025-05-04T15:26:17","date_gmt":"2025-05-04T13:26:17","guid":{"rendered":"https:\/\/wgphoto.pl\/t\/?p=16687"},"modified":"2025-05-04T15:26:17","modified_gmt":"2025-05-04T13:26:17","slug":"tramwaj-w-ogrodku","status":"publish","type":"post","link":"http:\/\/wgphoto.pl\/t\/?p=16687","title":{"rendered":"Tramwaj w ogr\u00f3dku"},"content":{"rendered":"\n<figure class=\"wp-block-image aligncenter size-full\"><img loading=\"lazy\" decoding=\"async\" width=\"1200\" height=\"800\" src=\"https:\/\/wgphoto.pl\/t\/wp-content\/uploads\/2025\/05\/IMGP2002.jpg\" alt=\"\" class=\"wp-image-16688\" srcset=\"http:\/\/wgphoto.pl\/t\/wp-content\/uploads\/2025\/05\/IMGP2002.jpg 1200w, http:\/\/wgphoto.pl\/t\/wp-content\/uploads\/2025\/05\/IMGP2002-300x200.jpg 300w, http:\/\/wgphoto.pl\/t\/wp-content\/uploads\/2025\/05\/IMGP2002-768x512.jpg 768w\" sizes=\"auto, (max-width: 1200px) 100vw, 1200px\" \/><\/figure>\n\n\n\n<div class=\"wp-block-group has-global-padding is-layout-constrained wp-block-group-is-layout-constrained\">\n<p>Vladimirescu, Strada Progresului. Tramwaj nosz\u0105cy jeszcze insygnia poprzedniego w\u0142a\u015bciciela, IVB Innsbruck, jedzie wzd\u0142u\u017c drogi krajowej nr 7 do Aradu. Tramwaje kursuj\u0105 t\u0119dy najwidoczniej na tyle rzadko, \u017ce ro\u015blinno\u015b\u0107 z ogr\u00f3dka rozros\u0142a si\u0119 a\u017c na torowisko. 2015-08-19<\/p>\n<\/div>\n","protected":false},"excerpt":{"rendered":"<p>Vladimirescu, Strada Progresului. Tramwaj nosz\u0105cy jeszcze insygnia poprzedniego w\u0142a\u015bciciela, IVB Innsbruck, jedzie wzd\u0142u\u017c drogi krajowej nr 7 do Aradu. Tramwaje kursuj\u0105 t\u0119dy najwidoczniej na tyle rzadko, \u017ce ro\u015blinno\u015b\u0107 z ogr\u00f3dka rozros\u0142a si\u0119 a\u017c na torowisko. 2015-08-19<\/p>\n","protected":false},"author":1,"featured_media":16688,"comment_status":"open","ping_status":"","sticky":false,"template":"","format":"standard","meta":{"footnotes":""},"categories":[104,3],"tags":[1173,1178,1177,101,574,561,107],"class_list":["post-16687","post","type-post","status-publish","format-standard","has-post-thumbnail","hentry","category-rok-2015","category-tramwaj","tag-2015-08-19","tag-arad","tag-ctp-arad","tag-gt6","tag-rumunia","tag-tramwaj-podmiejski","tag-wakacje-2015"],"_links":{"self":[{"href":"http:\/\/wgphoto.pl\/t\/index.php?rest_route=\/wp\/v2\/posts\/16687","targetHints":{"allow":["GET"]}}],"collection":[{"href":"http:\/\/wgphoto.pl\/t\/index.php?rest_route=\/wp\/v2\/posts"}],"about":[{"href":"http:\/\/wgphoto.pl\/t\/index.php?rest_route=\/wp\/v2\/types\/post"}],"author":[{"embeddable":true,"href":"http:\/\/wgphoto.pl\/t\/index.php?rest_route=\/wp\/v2\/users\/1"}],"replies":[{"embeddable":true,"href":"http:\/\/wgphoto.pl\/t\/index.php?rest_route=%2Fwp%2Fv2%2Fcomments&post=16687"}],"version-history":[{"count":1,"href":"http:\/\/wgphoto.pl\/t\/index.php?rest_route=\/wp\/v2\/posts\/16687\/revisions"}],"predecessor-version":[{"id":16689,"href":"http:\/\/wgphoto.pl\/t\/index.php?rest_route=\/wp\/v2\/posts\/16687\/revisions\/16689"}],"wp:featuredmedia":[{"embeddable":true,"href":"http:\/\/wgphoto.pl\/t\/index.php?rest_route=\/wp\/v2\/media\/16688"}],"wp:attachment":[{"href":"http:\/\/wgphoto.pl\/t\/index.php?rest_route=%2Fwp%2Fv2%2Fmedia&parent=16687"}],"wp:term":[{"taxonomy":"category","embeddable":true,"href":"http:\/\/wgphoto.pl\/t\/index.php?rest_route=%2Fwp%2Fv2%2Fcategories&post=16687"},{"taxonomy":"post_tag","embeddable":true,"href":"http:\/\/wgphoto.pl\/t\/index.php?rest_route=%2Fwp%2Fv2%2Ftags&post=16687"}],"curies":[{"name":"wp","href":"https:\/\/api.w.org\/{rel}","templated":true}]}}