{"id":16699,"date":"2025-05-04T15:29:58","date_gmt":"2025-05-04T13:29:58","guid":{"rendered":"https:\/\/wgphoto.pl\/t\/?p=16699"},"modified":"2025-05-04T15:29:58","modified_gmt":"2025-05-04T13:29:58","slug":"podwojny-splot-2","status":"publish","type":"post","link":"http:\/\/wgphoto.pl\/t\/?p=16699","title":{"rendered":"Podw\u00f3jny splot (2)"},"content":{"rendered":"\n<figure class=\"wp-block-image aligncenter size-full\"><img loading=\"lazy\" decoding=\"async\" width=\"1200\" height=\"800\" src=\"https:\/\/wgphoto.pl\/t\/wp-content\/uploads\/2025\/05\/IMGP9866.jpg\" alt=\"\" class=\"wp-image-16700\" srcset=\"http:\/\/wgphoto.pl\/t\/wp-content\/uploads\/2025\/05\/IMGP9866.jpg 1200w, http:\/\/wgphoto.pl\/t\/wp-content\/uploads\/2025\/05\/IMGP9866-300x200.jpg 300w, http:\/\/wgphoto.pl\/t\/wp-content\/uploads\/2025\/05\/IMGP9866-768x512.jpg 768w\" sizes=\"auto, (max-width: 1200px) 100vw, 1200px\" \/><\/figure>\n\n\n\n<div class=\"wp-block-group has-global-padding is-layout-constrained wp-block-group-is-layout-constrained\">\n<p>Dzi\u0119ki splotowi tramwaje podje\u017cd\u017caj\u0105 pod sam\u0105 kraw\u0119d\u017a peronow\u0105. 2017-03-17<\/p>\n<\/div>\n","protected":false},"excerpt":{"rendered":"<p>Dzi\u0119ki splotowi tramwaje podje\u017cd\u017caj\u0105 pod sam\u0105 kraw\u0119d\u017a peronow\u0105. 2017-03-17<\/p>\n","protected":false},"author":1,"featured_media":16700,"comment_status":"open","ping_status":"","sticky":false,"template":"","format":"standard","meta":{"footnotes":""},"categories":[368,3],"tags":[1338,1126,230,1336,1151,23,219,1333],"class_list":["post-16699","post","type-post","status-publish","format-standard","has-post-thumbnail","hentry","category-rok-2017","category-tramwaj","tag-2017-03-17","tag-bombardier-flexity-classic","tag-infrastruktura","tag-kassel","tag-kassel-2017","tag-niemcy","tag-przystanek","tag-splot"],"_links":{"self":[{"href":"http:\/\/wgphoto.pl\/t\/index.php?rest_route=\/wp\/v2\/posts\/16699","targetHints":{"allow":["GET"]}}],"collection":[{"href":"http:\/\/wgphoto.pl\/t\/index.php?rest_route=\/wp\/v2\/posts"}],"about":[{"href":"http:\/\/wgphoto.pl\/t\/index.php?rest_route=\/wp\/v2\/types\/post"}],"author":[{"embeddable":true,"href":"http:\/\/wgphoto.pl\/t\/index.php?rest_route=\/wp\/v2\/users\/1"}],"replies":[{"embeddable":true,"href":"http:\/\/wgphoto.pl\/t\/index.php?rest_route=%2Fwp%2Fv2%2Fcomments&post=16699"}],"version-history":[{"count":1,"href":"http:\/\/wgphoto.pl\/t\/index.php?rest_route=\/wp\/v2\/posts\/16699\/revisions"}],"predecessor-version":[{"id":16701,"href":"http:\/\/wgphoto.pl\/t\/index.php?rest_route=\/wp\/v2\/posts\/16699\/revisions\/16701"}],"wp:featuredmedia":[{"embeddable":true,"href":"http:\/\/wgphoto.pl\/t\/index.php?rest_route=\/wp\/v2\/media\/16700"}],"wp:attachment":[{"href":"http:\/\/wgphoto.pl\/t\/index.php?rest_route=%2Fwp%2Fv2%2Fmedia&parent=16699"}],"wp:term":[{"taxonomy":"category","embeddable":true,"href":"http:\/\/wgphoto.pl\/t\/index.php?rest_route=%2Fwp%2Fv2%2Fcategories&post=16699"},{"taxonomy":"post_tag","embeddable":true,"href":"http:\/\/wgphoto.pl\/t\/index.php?rest_route=%2Fwp%2Fv2%2Ftags&post=16699"}],"curies":[{"name":"wp","href":"https:\/\/api.w.org\/{rel}","templated":true}]}}