{"id":16720,"date":"2025-05-04T15:36:45","date_gmt":"2025-05-04T13:36:45","guid":{"rendered":"https:\/\/wgphoto.pl\/t\/?p=16720"},"modified":"2025-05-04T15:38:23","modified_gmt":"2025-05-04T13:38:23","slug":"rzadko","status":"publish","type":"post","link":"http:\/\/wgphoto.pl\/t\/?p=16720","title":{"rendered":"Rzadko"},"content":{"rendered":"\n<figure class=\"wp-block-image aligncenter size-full\"><img loading=\"lazy\" decoding=\"async\" width=\"1200\" height=\"800\" src=\"https:\/\/wgphoto.pl\/t\/wp-content\/uploads\/2025\/05\/0231-08a.jpg\" alt=\"\" class=\"wp-image-16721\" srcset=\"http:\/\/wgphoto.pl\/t\/wp-content\/uploads\/2025\/05\/0231-08a.jpg 1200w, http:\/\/wgphoto.pl\/t\/wp-content\/uploads\/2025\/05\/0231-08a-300x200.jpg 300w, http:\/\/wgphoto.pl\/t\/wp-content\/uploads\/2025\/05\/0231-08a-768x512.jpg 768w\" sizes=\"auto, (max-width: 1200px) 100vw, 1200px\" \/><\/figure>\n\n\n\n<div class=\"wp-block-group has-global-padding is-layout-constrained wp-block-group-is-layout-constrained\">\n<p>Kamienna G\u00f3ra &#8211; S\u0119dzis\u0142aw. SM42-307 prowadzi poci\u0105g zdawczy z Lubawki do Wa\u0142brzycha G\u0142. Rzadko zdarza\u0142o mi si\u0119 z\u0142apa\u0107 ten poci\u0105g, bo zazwyczaj nie bywa\u0142em w tym rejonie w dni robocze. W okresie po\u015bwi\u0105tecznym jednak si\u0119 uda\u0142o. 27.12.2002<\/p>\n<\/div>\n","protected":false},"excerpt":{"rendered":"<p>Kamienna G\u00f3ra &#8211; S\u0119dzis\u0142aw. SM42-307 prowadzi poci\u0105g zdawczy z Lubawki do Wa\u0142brzycha G\u0142. Rzadko zdarza\u0142o mi si\u0119 z\u0142apa\u0107 ten poci\u0105g, bo zazwyczaj nie bywa\u0142em w tym rejonie w dni robocze. W okresie po\u015bwi\u0105tecznym jednak si\u0119 uda\u0142o. 27.12.2002<\/p>\n","protected":false},"author":1,"featured_media":16721,"comment_status":"open","ping_status":"","sticky":false,"template":"","format":"standard","meta":{"footnotes":""},"categories":[62,2,149],"tags":[2599,629,63,27,1061,473,44,627],"class_list":["post-16720","post","type-post","status-publish","format-standard","has-post-thumbnail","hentry","category-analog","category-kolej","category-rok-2003","tag-2002-12-27","tag-kamienna-gora","tag-pkp","tag-polska","tag-sedzislaw","tag-sm42","tag-snieg","tag-tab-pl247"],"_links":{"self":[{"href":"http:\/\/wgphoto.pl\/t\/index.php?rest_route=\/wp\/v2\/posts\/16720","targetHints":{"allow":["GET"]}}],"collection":[{"href":"http:\/\/wgphoto.pl\/t\/index.php?rest_route=\/wp\/v2\/posts"}],"about":[{"href":"http:\/\/wgphoto.pl\/t\/index.php?rest_route=\/wp\/v2\/types\/post"}],"author":[{"embeddable":true,"href":"http:\/\/wgphoto.pl\/t\/index.php?rest_route=\/wp\/v2\/users\/1"}],"replies":[{"embeddable":true,"href":"http:\/\/wgphoto.pl\/t\/index.php?rest_route=%2Fwp%2Fv2%2Fcomments&post=16720"}],"version-history":[{"count":2,"href":"http:\/\/wgphoto.pl\/t\/index.php?rest_route=\/wp\/v2\/posts\/16720\/revisions"}],"predecessor-version":[{"id":16726,"href":"http:\/\/wgphoto.pl\/t\/index.php?rest_route=\/wp\/v2\/posts\/16720\/revisions\/16726"}],"wp:featuredmedia":[{"embeddable":true,"href":"http:\/\/wgphoto.pl\/t\/index.php?rest_route=\/wp\/v2\/media\/16721"}],"wp:attachment":[{"href":"http:\/\/wgphoto.pl\/t\/index.php?rest_route=%2Fwp%2Fv2%2Fmedia&parent=16720"}],"wp:term":[{"taxonomy":"category","embeddable":true,"href":"http:\/\/wgphoto.pl\/t\/index.php?rest_route=%2Fwp%2Fv2%2Fcategories&post=16720"},{"taxonomy":"post_tag","embeddable":true,"href":"http:\/\/wgphoto.pl\/t\/index.php?rest_route=%2Fwp%2Fv2%2Ftags&post=16720"}],"curies":[{"name":"wp","href":"https:\/\/api.w.org\/{rel}","templated":true}]}}