{"id":16789,"date":"2025-05-11T15:13:52","date_gmt":"2025-05-11T13:13:52","guid":{"rendered":"https:\/\/wgphoto.pl\/t\/?p=16789"},"modified":"2025-05-11T15:13:52","modified_gmt":"2025-05-11T13:13:52","slug":"lopek-powrotny","status":"publish","type":"post","link":"http:\/\/wgphoto.pl\/t\/?p=16789","title":{"rendered":"Lopek powrotny"},"content":{"rendered":"\n<figure class=\"wp-block-image aligncenter size-full\"><img loading=\"lazy\" decoding=\"async\" width=\"1200\" height=\"800\" src=\"https:\/\/wgphoto.pl\/t\/wp-content\/uploads\/2025\/05\/0324-13.jpg\" alt=\"\" class=\"wp-image-16790\" srcset=\"http:\/\/wgphoto.pl\/t\/wp-content\/uploads\/2025\/05\/0324-13.jpg 1200w, http:\/\/wgphoto.pl\/t\/wp-content\/uploads\/2025\/05\/0324-13-300x200.jpg 300w, http:\/\/wgphoto.pl\/t\/wp-content\/uploads\/2025\/05\/0324-13-768x512.jpg 768w\" sizes=\"auto, (max-width: 1200px) 100vw, 1200px\" \/><\/figure>\n\n\n\n<div class=\"wp-block-group has-global-padding is-layout-constrained wp-block-group-is-layout-constrained\">\n<p>ST44-1105 ze sztywnym poci\u0105giem Zaj\u0105czkowo Tczewskie &#8211; Szczecin Port Centralny przemierza odcinek z Czarnej Wody do \u0141\u0105gu. Kadr nieco kulawy, ale klimacik lata oraz Ostbahnu jest. 20.07.2003<\/p>\n<\/div>\n","protected":false},"excerpt":{"rendered":"<p>ST44-1105 ze sztywnym poci\u0105giem Zaj\u0105czkowo Tczewskie &#8211; Szczecin Port Centralny przemierza odcinek z Czarnej Wody do \u0141\u0105gu. Kadr nieco kulawy, ale klimacik lata oraz Ostbahnu jest. 20.07.2003<\/p>\n","protected":false},"author":1,"featured_media":16790,"comment_status":"open","ping_status":"","sticky":false,"template":"","format":"standard","meta":{"footnotes":""},"categories":[62,2,149],"tags":[983,1477,1476,595,63,27,530,887],"class_list":["post-16789","post","type-post","status-publish","format-standard","has-post-thumbnail","hentry","category-analog","category-kolej","category-rok-2003","tag-2003-07-20","tag-czarna-woda","tag-lag","tag-ostbahn","tag-pkp","tag-polska","tag-st44","tag-tab-pl426"],"_links":{"self":[{"href":"http:\/\/wgphoto.pl\/t\/index.php?rest_route=\/wp\/v2\/posts\/16789","targetHints":{"allow":["GET"]}}],"collection":[{"href":"http:\/\/wgphoto.pl\/t\/index.php?rest_route=\/wp\/v2\/posts"}],"about":[{"href":"http:\/\/wgphoto.pl\/t\/index.php?rest_route=\/wp\/v2\/types\/post"}],"author":[{"embeddable":true,"href":"http:\/\/wgphoto.pl\/t\/index.php?rest_route=\/wp\/v2\/users\/1"}],"replies":[{"embeddable":true,"href":"http:\/\/wgphoto.pl\/t\/index.php?rest_route=%2Fwp%2Fv2%2Fcomments&post=16789"}],"version-history":[{"count":1,"href":"http:\/\/wgphoto.pl\/t\/index.php?rest_route=\/wp\/v2\/posts\/16789\/revisions"}],"predecessor-version":[{"id":16791,"href":"http:\/\/wgphoto.pl\/t\/index.php?rest_route=\/wp\/v2\/posts\/16789\/revisions\/16791"}],"wp:featuredmedia":[{"embeddable":true,"href":"http:\/\/wgphoto.pl\/t\/index.php?rest_route=\/wp\/v2\/media\/16790"}],"wp:attachment":[{"href":"http:\/\/wgphoto.pl\/t\/index.php?rest_route=%2Fwp%2Fv2%2Fmedia&parent=16789"}],"wp:term":[{"taxonomy":"category","embeddable":true,"href":"http:\/\/wgphoto.pl\/t\/index.php?rest_route=%2Fwp%2Fv2%2Fcategories&post=16789"},{"taxonomy":"post_tag","embeddable":true,"href":"http:\/\/wgphoto.pl\/t\/index.php?rest_route=%2Fwp%2Fv2%2Ftags&post=16789"}],"curies":[{"name":"wp","href":"https:\/\/api.w.org\/{rel}","templated":true}]}}