{"id":16792,"date":"2025-05-11T15:14:44","date_gmt":"2025-05-11T13:14:44","guid":{"rendered":"https:\/\/wgphoto.pl\/t\/?p=16792"},"modified":"2025-05-11T15:14:44","modified_gmt":"2025-05-11T13:14:44","slug":"pks","status":"publish","type":"post","link":"http:\/\/wgphoto.pl\/t\/?p=16792","title":{"rendered":"PKS"},"content":{"rendered":"\n<figure class=\"wp-block-image aligncenter size-full\"><img loading=\"lazy\" decoding=\"async\" width=\"1200\" height=\"800\" src=\"https:\/\/wgphoto.pl\/t\/wp-content\/uploads\/2025\/05\/0732-05.jpg\" alt=\"\" class=\"wp-image-16793\" srcset=\"http:\/\/wgphoto.pl\/t\/wp-content\/uploads\/2025\/05\/0732-05.jpg 1200w, http:\/\/wgphoto.pl\/t\/wp-content\/uploads\/2025\/05\/0732-05-300x200.jpg 300w, http:\/\/wgphoto.pl\/t\/wp-content\/uploads\/2025\/05\/0732-05-768x512.jpg 768w\" sizes=\"auto, (max-width: 1200px) 100vw, 1200px\" \/><\/figure>\n\n\n\n<div class=\"wp-block-group has-global-padding is-layout-constrained wp-block-group-is-layout-constrained\">\n<p>Pozna\u0144, ul. Towarowa. GT6 672 jedzie objazdem ulic\u0105 nieu\u017cywan\u0105 na co dzie\u0144 w ruchu liniowym. Kadr \u015bci\u0105gn\u0105\u0142em tak bardzo w lewo zapewne ze wzgl\u0119du na &#8222;kierownic\u0119&#8221; PKS-u. 18.09.2007<\/p>\n<\/div>\n","protected":false},"excerpt":{"rendered":"<p>Pozna\u0144, ul. Towarowa. GT6 672 jedzie objazdem ulic\u0105 nieu\u017cywan\u0105 na co dzie\u0144 w ruchu liniowym. Kadr \u015bci\u0105gn\u0105\u0142em tak bardzo w lewo zapewne ze wzgl\u0119du na &#8222;kierownic\u0119&#8221; PKS-u. 18.09.2007<\/p>\n","protected":false},"author":1,"featured_media":16793,"comment_status":"open","ping_status":"","sticky":false,"template":"","format":"standard","meta":{"footnotes":""},"categories":[62,96,3],"tags":[1984,13,238,236,27,235],"class_list":["post-16792","post","type-post","status-publish","format-standard","has-post-thumbnail","hentry","category-analog","category-rok-2007","category-tramwaj","tag-2007-09-18","tag-deszcz","tag-gt8","tag-mpk-poznan","tag-polska","tag-poznan"],"_links":{"self":[{"href":"http:\/\/wgphoto.pl\/t\/index.php?rest_route=\/wp\/v2\/posts\/16792","targetHints":{"allow":["GET"]}}],"collection":[{"href":"http:\/\/wgphoto.pl\/t\/index.php?rest_route=\/wp\/v2\/posts"}],"about":[{"href":"http:\/\/wgphoto.pl\/t\/index.php?rest_route=\/wp\/v2\/types\/post"}],"author":[{"embeddable":true,"href":"http:\/\/wgphoto.pl\/t\/index.php?rest_route=\/wp\/v2\/users\/1"}],"replies":[{"embeddable":true,"href":"http:\/\/wgphoto.pl\/t\/index.php?rest_route=%2Fwp%2Fv2%2Fcomments&post=16792"}],"version-history":[{"count":1,"href":"http:\/\/wgphoto.pl\/t\/index.php?rest_route=\/wp\/v2\/posts\/16792\/revisions"}],"predecessor-version":[{"id":16794,"href":"http:\/\/wgphoto.pl\/t\/index.php?rest_route=\/wp\/v2\/posts\/16792\/revisions\/16794"}],"wp:featuredmedia":[{"embeddable":true,"href":"http:\/\/wgphoto.pl\/t\/index.php?rest_route=\/wp\/v2\/media\/16793"}],"wp:attachment":[{"href":"http:\/\/wgphoto.pl\/t\/index.php?rest_route=%2Fwp%2Fv2%2Fmedia&parent=16792"}],"wp:term":[{"taxonomy":"category","embeddable":true,"href":"http:\/\/wgphoto.pl\/t\/index.php?rest_route=%2Fwp%2Fv2%2Fcategories&post=16792"},{"taxonomy":"post_tag","embeddable":true,"href":"http:\/\/wgphoto.pl\/t\/index.php?rest_route=%2Fwp%2Fv2%2Ftags&post=16792"}],"curies":[{"name":"wp","href":"https:\/\/api.w.org\/{rel}","templated":true}]}}