{"id":16804,"date":"2025-05-11T15:18:56","date_gmt":"2025-05-11T13:18:56","guid":{"rendered":"https:\/\/wgphoto.pl\/t\/?p=16804"},"modified":"2025-05-11T15:18:56","modified_gmt":"2025-05-11T13:18:56","slug":"sm42-047-z-wilkowa-zlotoryjskiego","status":"publish","type":"post","link":"http:\/\/wgphoto.pl\/t\/?p=16804","title":{"rendered":"SM42-047 z Wilkowa Z\u0142otoryjskiego"},"content":{"rendered":"\n<figure class=\"wp-block-image aligncenter size-full\"><img loading=\"lazy\" decoding=\"async\" width=\"1200\" height=\"800\" src=\"https:\/\/wgphoto.pl\/t\/wp-content\/uploads\/2025\/05\/0626-06.jpg\" alt=\"\" class=\"wp-image-16805\" srcset=\"http:\/\/wgphoto.pl\/t\/wp-content\/uploads\/2025\/05\/0626-06.jpg 1200w, http:\/\/wgphoto.pl\/t\/wp-content\/uploads\/2025\/05\/0626-06-300x200.jpg 300w, http:\/\/wgphoto.pl\/t\/wp-content\/uploads\/2025\/05\/0626-06-768x512.jpg 768w\" sizes=\"auto, (max-width: 1200px) 100vw, 1200px\" \/><\/figure>\n\n\n\n<div class=\"wp-block-group has-global-padding is-layout-constrained wp-block-group-is-layout-constrained\">\n<p>Kolejna partia wagon\u00f3w za\u0142adowanych kamieniem zje\u017cd\u017ca z Wilkowa Z\u0142otoryjskiego do Jerzmanic-Zdroju. Na zdj\u0119ciu mo\u017ce tego nie wida\u0107, ale na tej kr\u00f3tkiej linii wyst\u0119puj\u0105 znaczne pochylenia pod\u0142u\u017cne, kt\u00f3re wymuszaj\u0105 zestawianie kr\u00f3tkich sk\u0142ad\u00f3w zabezpieczanych przez lokomotyw\u0119 zawsze od strony spadku (sk\u0142ady do kamienio\u0142omu s\u0105 prowadzone wagonami naprz\u00f3d). 14.10.2006<\/p>\n<\/div>\n","protected":false},"excerpt":{"rendered":"<p>Kolejna partia wagon\u00f3w za\u0142adowanych kamieniem zje\u017cd\u017ca z Wilkowa Z\u0142otoryjskiego do Jerzmanic-Zdroju. Na zdj\u0119ciu mo\u017ce tego nie wida\u0107, ale na tej kr\u00f3tkiej linii wyst\u0119puj\u0105 znaczne pochylenia pod\u0142u\u017cne, kt\u00f3re wymuszaj\u0105 zestawianie kr\u00f3tkich sk\u0142ad\u00f3w zabezpieczanych przez lokomotyw\u0119 zawsze od strony spadku (sk\u0142ady do kamienio\u0142omu s\u0105 prowadzone wagonami naprz\u00f3d). 14.10.2006<\/p>\n","protected":false},"author":1,"featured_media":16805,"comment_status":"open","ping_status":"","sticky":false,"template":"","format":"standard","meta":{"footnotes":""},"categories":[62,2,130],"tags":[1806,3761,126,821,63,27,473],"class_list":["post-16804","post","type-post","status-publish","format-standard","has-post-thumbnail","hentry","category-analog","category-kolej","category-rok-2006","tag-2006-10-14","tag-jerzmanice-zdroj-2","tag-jesien","tag-mgla","tag-pkp","tag-polska","tag-sm42"],"_links":{"self":[{"href":"http:\/\/wgphoto.pl\/t\/index.php?rest_route=\/wp\/v2\/posts\/16804","targetHints":{"allow":["GET"]}}],"collection":[{"href":"http:\/\/wgphoto.pl\/t\/index.php?rest_route=\/wp\/v2\/posts"}],"about":[{"href":"http:\/\/wgphoto.pl\/t\/index.php?rest_route=\/wp\/v2\/types\/post"}],"author":[{"embeddable":true,"href":"http:\/\/wgphoto.pl\/t\/index.php?rest_route=\/wp\/v2\/users\/1"}],"replies":[{"embeddable":true,"href":"http:\/\/wgphoto.pl\/t\/index.php?rest_route=%2Fwp%2Fv2%2Fcomments&post=16804"}],"version-history":[{"count":1,"href":"http:\/\/wgphoto.pl\/t\/index.php?rest_route=\/wp\/v2\/posts\/16804\/revisions"}],"predecessor-version":[{"id":16806,"href":"http:\/\/wgphoto.pl\/t\/index.php?rest_route=\/wp\/v2\/posts\/16804\/revisions\/16806"}],"wp:featuredmedia":[{"embeddable":true,"href":"http:\/\/wgphoto.pl\/t\/index.php?rest_route=\/wp\/v2\/media\/16805"}],"wp:attachment":[{"href":"http:\/\/wgphoto.pl\/t\/index.php?rest_route=%2Fwp%2Fv2%2Fmedia&parent=16804"}],"wp:term":[{"taxonomy":"category","embeddable":true,"href":"http:\/\/wgphoto.pl\/t\/index.php?rest_route=%2Fwp%2Fv2%2Fcategories&post=16804"},{"taxonomy":"post_tag","embeddable":true,"href":"http:\/\/wgphoto.pl\/t\/index.php?rest_route=%2Fwp%2Fv2%2Ftags&post=16804"}],"curies":[{"name":"wp","href":"https:\/\/api.w.org\/{rel}","templated":true}]}}