{"id":16823,"date":"2025-05-11T15:29:31","date_gmt":"2025-05-11T13:29:31","guid":{"rendered":"https:\/\/wgphoto.pl\/t\/?p=16823"},"modified":"2025-05-11T15:29:31","modified_gmt":"2025-05-11T13:29:31","slug":"vieux-thann-zi-z-tramwajem-po-raz-drugi","status":"publish","type":"post","link":"http:\/\/wgphoto.pl\/t\/?p=16823","title":{"rendered":"Vieux-Thann-ZI z tramwajem po raz drugi"},"content":{"rendered":"\n<figure class=\"wp-block-image aligncenter size-full\"><img loading=\"lazy\" decoding=\"async\" width=\"1300\" height=\"861\" src=\"https:\/\/wgphoto.pl\/t\/wp-content\/uploads\/2025\/05\/IMGP6970-1.jpg\" alt=\"\" class=\"wp-image-16824\" srcset=\"http:\/\/wgphoto.pl\/t\/wp-content\/uploads\/2025\/05\/IMGP6970-1.jpg 1300w, http:\/\/wgphoto.pl\/t\/wp-content\/uploads\/2025\/05\/IMGP6970-1-300x199.jpg 300w, http:\/\/wgphoto.pl\/t\/wp-content\/uploads\/2025\/05\/IMGP6970-1-768x509.jpg 768w\" sizes=\"auto, (max-width: 1300px) 100vw, 1300px\" \/><\/figure>\n\n\n\n<div class=\"wp-block-group has-global-padding is-layout-constrained wp-block-group-is-layout-constrained\">\n<p>Siemens Avanto nr 25520 (na czole pojazdu widnieje numer TT20) jako tramwaj regionalny linii TT (tram-train) do Miluzy wje\u017cd\u017ca na mijank\u0119 Vieux-Thann-Zone Industrielle. 20.03.2018<\/p>\n<\/div>\n","protected":false},"excerpt":{"rendered":"<p>Siemens Avanto nr 25520 (na czole pojazdu widnieje numer TT20) jako tramwaj regionalny linii TT (tram-train) do Miluzy wje\u017cd\u017ca na mijank\u0119 Vieux-Thann-Zone Industrielle. 20.03.2018<\/p>\n","protected":false},"author":1,"featured_media":16824,"comment_status":"open","ping_status":"","sticky":false,"template":"","format":"standard","meta":{"footnotes":""},"categories":[156,3],"tags":[602,415,114,601,2508,1764,183,1153,2509],"class_list":["post-16823","post","type-post","status-publish","format-standard","has-post-thumbnail","hentry","category-rok-2018","category-tramwaj","tag-2018-03-20","tag-francja","tag-gory","tag-miluza","tag-siemens-avanto","tag-sncf","tag-suissetrip-2018","tag-tramwaj-regionalny","tag-vieux-thann-zi"],"_links":{"self":[{"href":"http:\/\/wgphoto.pl\/t\/index.php?rest_route=\/wp\/v2\/posts\/16823","targetHints":{"allow":["GET"]}}],"collection":[{"href":"http:\/\/wgphoto.pl\/t\/index.php?rest_route=\/wp\/v2\/posts"}],"about":[{"href":"http:\/\/wgphoto.pl\/t\/index.php?rest_route=\/wp\/v2\/types\/post"}],"author":[{"embeddable":true,"href":"http:\/\/wgphoto.pl\/t\/index.php?rest_route=\/wp\/v2\/users\/1"}],"replies":[{"embeddable":true,"href":"http:\/\/wgphoto.pl\/t\/index.php?rest_route=%2Fwp%2Fv2%2Fcomments&post=16823"}],"version-history":[{"count":1,"href":"http:\/\/wgphoto.pl\/t\/index.php?rest_route=\/wp\/v2\/posts\/16823\/revisions"}],"predecessor-version":[{"id":16825,"href":"http:\/\/wgphoto.pl\/t\/index.php?rest_route=\/wp\/v2\/posts\/16823\/revisions\/16825"}],"wp:featuredmedia":[{"embeddable":true,"href":"http:\/\/wgphoto.pl\/t\/index.php?rest_route=\/wp\/v2\/media\/16824"}],"wp:attachment":[{"href":"http:\/\/wgphoto.pl\/t\/index.php?rest_route=%2Fwp%2Fv2%2Fmedia&parent=16823"}],"wp:term":[{"taxonomy":"category","embeddable":true,"href":"http:\/\/wgphoto.pl\/t\/index.php?rest_route=%2Fwp%2Fv2%2Fcategories&post=16823"},{"taxonomy":"post_tag","embeddable":true,"href":"http:\/\/wgphoto.pl\/t\/index.php?rest_route=%2Fwp%2Fv2%2Ftags&post=16823"}],"curies":[{"name":"wp","href":"https:\/\/api.w.org\/{rel}","templated":true}]}}