{"id":16910,"date":"2025-05-12T20:35:12","date_gmt":"2025-05-12T18:35:12","guid":{"rendered":"https:\/\/wgphoto.pl\/t\/?p=16910"},"modified":"2025-05-12T20:35:12","modified_gmt":"2025-05-12T18:35:12","slug":"jeszcze-raz-cieszyn","status":"publish","type":"post","link":"http:\/\/wgphoto.pl\/t\/?p=16910","title":{"rendered":"Jeszcze raz Cieszyn"},"content":{"rendered":"\n<figure class=\"wp-block-image aligncenter size-full\"><img loading=\"lazy\" decoding=\"async\" width=\"1200\" height=\"800\" src=\"https:\/\/wgphoto.pl\/t\/wp-content\/uploads\/2025\/05\/0412-22.jpg\" alt=\"\" class=\"wp-image-16911\" srcset=\"http:\/\/wgphoto.pl\/t\/wp-content\/uploads\/2025\/05\/0412-22.jpg 1200w, http:\/\/wgphoto.pl\/t\/wp-content\/uploads\/2025\/05\/0412-22-300x200.jpg 300w, http:\/\/wgphoto.pl\/t\/wp-content\/uploads\/2025\/05\/0412-22-768x512.jpg 768w\" sizes=\"auto, (max-width: 1200px) 100vw, 1200px\" \/><\/figure>\n\n\n\n<div class=\"wp-block-group has-global-padding is-layout-constrained wp-block-group-is-layout-constrained\">\n<p>EN57-1035, jad\u0105cy jako poc. osob. 2222 z Czeskiego Cieszyna do Bielska-Bia\u0142ej G\u0142., zatrzyma\u0142 si\u0119 w Cieszynie. 16.07.2004<\/p>\n<\/div>\n","protected":false},"excerpt":{"rendered":"<p>EN57-1035, jad\u0105cy jako poc. osob. 2222 z Czeskiego Cieszyna do Bielska-Bia\u0142ej G\u0142., zatrzyma\u0142 si\u0119 w Cieszynie. 16.07.2004<\/p>\n","protected":false},"author":1,"featured_media":16911,"comment_status":"open","ping_status":"","sticky":false,"template":"","format":"standard","meta":{"footnotes":""},"categories":[62,2,61],"tags":[3085,3769,132,63,27,3770],"class_list":["post-16910","post","type-post","status-publish","format-standard","has-post-thumbnail","hentry","category-analog","category-kolej","category-rok-2004","tag-2004-07-16","tag-cieszyn","tag-en57","tag-pkp","tag-polska","tag-tab-pl147"],"_links":{"self":[{"href":"http:\/\/wgphoto.pl\/t\/index.php?rest_route=\/wp\/v2\/posts\/16910","targetHints":{"allow":["GET"]}}],"collection":[{"href":"http:\/\/wgphoto.pl\/t\/index.php?rest_route=\/wp\/v2\/posts"}],"about":[{"href":"http:\/\/wgphoto.pl\/t\/index.php?rest_route=\/wp\/v2\/types\/post"}],"author":[{"embeddable":true,"href":"http:\/\/wgphoto.pl\/t\/index.php?rest_route=\/wp\/v2\/users\/1"}],"replies":[{"embeddable":true,"href":"http:\/\/wgphoto.pl\/t\/index.php?rest_route=%2Fwp%2Fv2%2Fcomments&post=16910"}],"version-history":[{"count":1,"href":"http:\/\/wgphoto.pl\/t\/index.php?rest_route=\/wp\/v2\/posts\/16910\/revisions"}],"predecessor-version":[{"id":16912,"href":"http:\/\/wgphoto.pl\/t\/index.php?rest_route=\/wp\/v2\/posts\/16910\/revisions\/16912"}],"wp:featuredmedia":[{"embeddable":true,"href":"http:\/\/wgphoto.pl\/t\/index.php?rest_route=\/wp\/v2\/media\/16911"}],"wp:attachment":[{"href":"http:\/\/wgphoto.pl\/t\/index.php?rest_route=%2Fwp%2Fv2%2Fmedia&parent=16910"}],"wp:term":[{"taxonomy":"category","embeddable":true,"href":"http:\/\/wgphoto.pl\/t\/index.php?rest_route=%2Fwp%2Fv2%2Fcategories&post=16910"},{"taxonomy":"post_tag","embeddable":true,"href":"http:\/\/wgphoto.pl\/t\/index.php?rest_route=%2Fwp%2Fv2%2Ftags&post=16910"}],"curies":[{"name":"wp","href":"https:\/\/api.w.org\/{rel}","templated":true}]}}