{"id":16913,"date":"2025-05-12T20:36:02","date_gmt":"2025-05-12T18:36:02","guid":{"rendered":"https:\/\/wgphoto.pl\/t\/?p=16913"},"modified":"2025-05-12T20:36:02","modified_gmt":"2025-05-12T18:36:02","slug":"dwa-rodzynki","status":"publish","type":"post","link":"http:\/\/wgphoto.pl\/t\/?p=16913","title":{"rendered":"Dwa rodzynki"},"content":{"rendered":"\n<figure class=\"wp-block-image aligncenter size-full\"><img loading=\"lazy\" decoding=\"async\" width=\"788\" height=\"1050\" src=\"https:\/\/wgphoto.pl\/t\/wp-content\/uploads\/2025\/05\/0412-23.jpg\" alt=\"\" class=\"wp-image-16914\" srcset=\"http:\/\/wgphoto.pl\/t\/wp-content\/uploads\/2025\/05\/0412-23.jpg 788w, http:\/\/wgphoto.pl\/t\/wp-content\/uploads\/2025\/05\/0412-23-225x300.jpg 225w, http:\/\/wgphoto.pl\/t\/wp-content\/uploads\/2025\/05\/0412-23-768x1023.jpg 768w\" sizes=\"auto, (max-width: 788px) 100vw, 788px\" \/><\/figure>\n\n\n\n<div class=\"wp-block-group has-global-padding is-layout-constrained wp-block-group-is-layout-constrained\">\n<p>EP07-544 z CM Lublin &#8211; jedyna si\u00f3demka 303E bez ryfli (ex ET41) &#8211; odjedzie z poc. posp. 42100 &#8222;Sztygar&#8221; do Lublina spod pi\u0119knego budynku dworca w Bielsku-Bia\u0142ej. Dzi\u015b r\u00f3wnie \u0142adnie wyremontowanych obiekt\u00f3w jest wiele, wtedy by\u0142 to wyj\u0105tek. 16.07.2004<\/p>\n<\/div>\n","protected":false},"excerpt":{"rendered":"<p>EP07-544 z CM Lublin &#8211; jedyna si\u00f3demka 303E bez ryfli (ex ET41) &#8211; odjedzie z poc. posp. 42100 &#8222;Sztygar&#8221; do Lublina spod pi\u0119knego budynku dworca w Bielsku-Bia\u0142ej. Dzi\u015b r\u00f3wnie \u0142adnie wyremontowanych obiekt\u00f3w jest wiele, wtedy by\u0142 to wyj\u0105tek. 16.07.2004<\/p>\n","protected":false},"author":1,"featured_media":16914,"comment_status":"open","ping_status":"","sticky":false,"template":"","format":"standard","meta":{"footnotes":""},"categories":[62,2,128,61],"tags":[3085,1546,124,63,27,807],"class_list":["post-16913","post","type-post","status-publish","format-standard","has-post-thumbnail","hentry","category-analog","category-kolej","category-pionowe","category-rok-2004","tag-2004-07-16","tag-bielsko-biala-glowna","tag-ep07","tag-pkp","tag-polska","tag-tab-pl151"],"_links":{"self":[{"href":"http:\/\/wgphoto.pl\/t\/index.php?rest_route=\/wp\/v2\/posts\/16913","targetHints":{"allow":["GET"]}}],"collection":[{"href":"http:\/\/wgphoto.pl\/t\/index.php?rest_route=\/wp\/v2\/posts"}],"about":[{"href":"http:\/\/wgphoto.pl\/t\/index.php?rest_route=\/wp\/v2\/types\/post"}],"author":[{"embeddable":true,"href":"http:\/\/wgphoto.pl\/t\/index.php?rest_route=\/wp\/v2\/users\/1"}],"replies":[{"embeddable":true,"href":"http:\/\/wgphoto.pl\/t\/index.php?rest_route=%2Fwp%2Fv2%2Fcomments&post=16913"}],"version-history":[{"count":1,"href":"http:\/\/wgphoto.pl\/t\/index.php?rest_route=\/wp\/v2\/posts\/16913\/revisions"}],"predecessor-version":[{"id":16915,"href":"http:\/\/wgphoto.pl\/t\/index.php?rest_route=\/wp\/v2\/posts\/16913\/revisions\/16915"}],"wp:featuredmedia":[{"embeddable":true,"href":"http:\/\/wgphoto.pl\/t\/index.php?rest_route=\/wp\/v2\/media\/16914"}],"wp:attachment":[{"href":"http:\/\/wgphoto.pl\/t\/index.php?rest_route=%2Fwp%2Fv2%2Fmedia&parent=16913"}],"wp:term":[{"taxonomy":"category","embeddable":true,"href":"http:\/\/wgphoto.pl\/t\/index.php?rest_route=%2Fwp%2Fv2%2Fcategories&post=16913"},{"taxonomy":"post_tag","embeddable":true,"href":"http:\/\/wgphoto.pl\/t\/index.php?rest_route=%2Fwp%2Fv2%2Ftags&post=16913"}],"curies":[{"name":"wp","href":"https:\/\/api.w.org\/{rel}","templated":true}]}}