{"id":16943,"date":"2025-05-12T20:45:01","date_gmt":"2025-05-12T18:45:01","guid":{"rendered":"https:\/\/wgphoto.pl\/t\/?p=16943"},"modified":"2025-05-12T20:45:01","modified_gmt":"2025-05-12T18:45:01","slug":"czarne-niebo-rozgwiezdzona-wiata","status":"publish","type":"post","link":"http:\/\/wgphoto.pl\/t\/?p=16943","title":{"rendered":"Czarne niebo, rozgwie\u017cd\u017cona wiata"},"content":{"rendered":"\n<figure class=\"wp-block-image aligncenter size-full\"><img loading=\"lazy\" decoding=\"async\" width=\"1200\" height=\"800\" src=\"https:\/\/wgphoto.pl\/t\/wp-content\/uploads\/2025\/05\/IMGP3531.jpg\" alt=\"\" class=\"wp-image-16944\" srcset=\"http:\/\/wgphoto.pl\/t\/wp-content\/uploads\/2025\/05\/IMGP3531.jpg 1200w, http:\/\/wgphoto.pl\/t\/wp-content\/uploads\/2025\/05\/IMGP3531-300x200.jpg 300w, http:\/\/wgphoto.pl\/t\/wp-content\/uploads\/2025\/05\/IMGP3531-768x512.jpg 768w\" sizes=\"auto, (max-width: 1200px) 100vw, 1200px\" \/><\/figure>\n\n\n\n<div class=\"wp-block-group has-global-padding is-layout-constrained wp-block-group-is-layout-constrained\">\n<p>Chemnitz, Zentralhaltestelle, wieczorne skomunikowanie. Foto nie porywa, ale spodoba\u0142y mi si\u0119 te gwiazdki pod wiat\u0105. 2017-09-22<\/p>\n<\/div>\n","protected":false},"excerpt":{"rendered":"<p>Chemnitz, Zentralhaltestelle, wieczorne skomunikowanie. Foto nie porywa, ale spodoba\u0142y mi si\u0119 te gwiazdki pod wiat\u0105. 2017-09-22<\/p>\n","protected":false},"author":1,"featured_media":16944,"comment_status":"open","ping_status":"","sticky":false,"template":"","format":"standard","meta":{"footnotes":""},"categories":[368,3],"tags":[1525,732,730,23,154,24,1011,726],"class_list":["post-16943","post","type-post","status-publish","format-standard","has-post-thumbnail","hentry","category-rok-2017","category-tramwaj","tag-2017-09-22","tag-chemnitz","tag-cvag-chemnitz","tag-niemcy","tag-noc","tag-perony","tag-tatra-t3","tag-variobahn"],"_links":{"self":[{"href":"http:\/\/wgphoto.pl\/t\/index.php?rest_route=\/wp\/v2\/posts\/16943","targetHints":{"allow":["GET"]}}],"collection":[{"href":"http:\/\/wgphoto.pl\/t\/index.php?rest_route=\/wp\/v2\/posts"}],"about":[{"href":"http:\/\/wgphoto.pl\/t\/index.php?rest_route=\/wp\/v2\/types\/post"}],"author":[{"embeddable":true,"href":"http:\/\/wgphoto.pl\/t\/index.php?rest_route=\/wp\/v2\/users\/1"}],"replies":[{"embeddable":true,"href":"http:\/\/wgphoto.pl\/t\/index.php?rest_route=%2Fwp%2Fv2%2Fcomments&post=16943"}],"version-history":[{"count":1,"href":"http:\/\/wgphoto.pl\/t\/index.php?rest_route=\/wp\/v2\/posts\/16943\/revisions"}],"predecessor-version":[{"id":16945,"href":"http:\/\/wgphoto.pl\/t\/index.php?rest_route=\/wp\/v2\/posts\/16943\/revisions\/16945"}],"wp:featuredmedia":[{"embeddable":true,"href":"http:\/\/wgphoto.pl\/t\/index.php?rest_route=\/wp\/v2\/media\/16944"}],"wp:attachment":[{"href":"http:\/\/wgphoto.pl\/t\/index.php?rest_route=%2Fwp%2Fv2%2Fmedia&parent=16943"}],"wp:term":[{"taxonomy":"category","embeddable":true,"href":"http:\/\/wgphoto.pl\/t\/index.php?rest_route=%2Fwp%2Fv2%2Fcategories&post=16943"},{"taxonomy":"post_tag","embeddable":true,"href":"http:\/\/wgphoto.pl\/t\/index.php?rest_route=%2Fwp%2Fv2%2Ftags&post=16943"}],"curies":[{"name":"wp","href":"https:\/\/api.w.org\/{rel}","templated":true}]}}