{"id":16946,"date":"2025-05-12T20:45:53","date_gmt":"2025-05-12T18:45:53","guid":{"rendered":"https:\/\/wgphoto.pl\/t\/?p=16946"},"modified":"2025-05-12T20:45:53","modified_gmt":"2025-05-12T18:45:53","slug":"decin-hl-n","status":"publish","type":"post","link":"http:\/\/wgphoto.pl\/t\/?p=16946","title":{"rendered":"D\u011b\u010d\u00edn hl.n."},"content":{"rendered":"\n<figure class=\"wp-block-image aligncenter size-full\"><img loading=\"lazy\" decoding=\"async\" width=\"1200\" height=\"795\" src=\"https:\/\/wgphoto.pl\/t\/wp-content\/uploads\/2025\/05\/IMGP3200.jpg\" alt=\"\" class=\"wp-image-16947\" srcset=\"http:\/\/wgphoto.pl\/t\/wp-content\/uploads\/2025\/05\/IMGP3200.jpg 1200w, http:\/\/wgphoto.pl\/t\/wp-content\/uploads\/2025\/05\/IMGP3200-300x199.jpg 300w, http:\/\/wgphoto.pl\/t\/wp-content\/uploads\/2025\/05\/IMGP3200-768x509.jpg 768w\" sizes=\"auto, (max-width: 1200px) 100vw, 1200px\" \/><\/figure>\n\n\n\n<div class=\"wp-block-group has-global-padding is-layout-constrained wp-block-group-is-layout-constrained\">\n<p>Jednostka 440 005 pojedzie jako poci\u0105g osobowy 6814 do stacji Kada\u0148-Prun\u00e9\u0159ov. &#8222;Nowe&#8221; przysz\u0142o ju\u017c par\u0119 lat temu i takie pojazdy obs\u0142uguj\u0105 zdecydowan\u0105 wi\u0119kszo\u015b\u0107 ruchu osobowego na g\u0142\u00f3wnej trasie kraju \u00fasteckiego, U1 z D\u011b\u010d\u00edna do Kadani. 2017-09-21<\/p>\n<\/div>\n","protected":false},"excerpt":{"rendered":"<p>Jednostka 440 005 pojedzie jako poci\u0105g osobowy 6814 do stacji Kada\u0148-Prun\u00e9\u0159ov. &#8222;Nowe&#8221; przysz\u0142o ju\u017c par\u0119 lat temu i takie pojazdy obs\u0142uguj\u0105 zdecydowan\u0105 wi\u0119kszo\u015b\u0107 ruchu osobowego na g\u0142\u00f3wnej trasie kraju \u00fasteckiego, U1 z D\u011b\u010d\u00edna do Kadani. 2017-09-21<\/p>\n","protected":false},"author":1,"featured_media":16947,"comment_status":"open","ping_status":"","sticky":false,"template":"","format":"standard","meta":{"footnotes":""},"categories":[2,368],"tags":[656,2938,50,49,655,154,24,2939,349],"class_list":["post-16946","post","type-post","status-publish","format-standard","has-post-thumbnail","hentry","category-kolej","category-rok-2017","tag-2017-09-21","tag-2938","tag-cd","tag-czechy","tag-decin-hlavni-nadrazi","tag-noc","tag-perony","tag-regio-panter","tag-tab-cz090"],"_links":{"self":[{"href":"http:\/\/wgphoto.pl\/t\/index.php?rest_route=\/wp\/v2\/posts\/16946","targetHints":{"allow":["GET"]}}],"collection":[{"href":"http:\/\/wgphoto.pl\/t\/index.php?rest_route=\/wp\/v2\/posts"}],"about":[{"href":"http:\/\/wgphoto.pl\/t\/index.php?rest_route=\/wp\/v2\/types\/post"}],"author":[{"embeddable":true,"href":"http:\/\/wgphoto.pl\/t\/index.php?rest_route=\/wp\/v2\/users\/1"}],"replies":[{"embeddable":true,"href":"http:\/\/wgphoto.pl\/t\/index.php?rest_route=%2Fwp%2Fv2%2Fcomments&post=16946"}],"version-history":[{"count":1,"href":"http:\/\/wgphoto.pl\/t\/index.php?rest_route=\/wp\/v2\/posts\/16946\/revisions"}],"predecessor-version":[{"id":16948,"href":"http:\/\/wgphoto.pl\/t\/index.php?rest_route=\/wp\/v2\/posts\/16946\/revisions\/16948"}],"wp:featuredmedia":[{"embeddable":true,"href":"http:\/\/wgphoto.pl\/t\/index.php?rest_route=\/wp\/v2\/media\/16947"}],"wp:attachment":[{"href":"http:\/\/wgphoto.pl\/t\/index.php?rest_route=%2Fwp%2Fv2%2Fmedia&parent=16946"}],"wp:term":[{"taxonomy":"category","embeddable":true,"href":"http:\/\/wgphoto.pl\/t\/index.php?rest_route=%2Fwp%2Fv2%2Fcategories&post=16946"},{"taxonomy":"post_tag","embeddable":true,"href":"http:\/\/wgphoto.pl\/t\/index.php?rest_route=%2Fwp%2Fv2%2Ftags&post=16946"}],"curies":[{"name":"wp","href":"https:\/\/api.w.org\/{rel}","templated":true}]}}