{"id":17008,"date":"2025-05-13T20:06:53","date_gmt":"2025-05-13T18:06:53","guid":{"rendered":"https:\/\/wgphoto.pl\/t\/?p=17008"},"modified":"2025-05-13T20:06:53","modified_gmt":"2025-05-13T18:06:53","slug":"grunt-to-sie-wyrozniac","status":"publish","type":"post","link":"http:\/\/wgphoto.pl\/t\/?p=17008","title":{"rendered":"Grunt to si\u0119 wyr\u00f3\u017cnia\u0107"},"content":{"rendered":"\n<figure class=\"wp-block-image aligncenter size-full\"><img loading=\"lazy\" decoding=\"async\" width=\"1400\" height=\"927\" src=\"https:\/\/wgphoto.pl\/t\/wp-content\/uploads\/2025\/05\/IMGP6505.jpg\" alt=\"\" class=\"wp-image-17009\" srcset=\"http:\/\/wgphoto.pl\/t\/wp-content\/uploads\/2025\/05\/IMGP6505.jpg 1400w, http:\/\/wgphoto.pl\/t\/wp-content\/uploads\/2025\/05\/IMGP6505-300x199.jpg 300w, http:\/\/wgphoto.pl\/t\/wp-content\/uploads\/2025\/05\/IMGP6505-768x509.jpg 768w\" sizes=\"auto, (max-width: 1400px) 100vw, 1400px\" \/><\/figure>\n\n\n\n<div class=\"wp-block-group has-global-padding is-layout-constrained wp-block-group-is-layout-constrained\">\n<p>Koszyce, ul. Slaneck\u00e1. Tatra KT8D5R.N2 521 nie wiedzie\u0107 czemu posiada barwy brne\u0144sko-praskie. 02.05.2024<\/p>\n<\/div>\n","protected":false},"excerpt":{"rendered":"<p>Koszyce, ul. Slaneck\u00e1. Tatra KT8D5R.N2 521 nie wiedzie\u0107 czemu posiada barwy brne\u0144sko-praskie. 02.05.2024<\/p>\n","protected":false},"author":1,"featured_media":17009,"comment_status":"open","ping_status":"","sticky":false,"template":"","format":"standard","meta":{"footnotes":""},"categories":[5,3],"tags":[764,1359,1358,759,118,675,1075],"class_list":["post-17008","post","type-post","status-publish","format-standard","has-post-thumbnail","hentry","category-2024r","category-tramwaj","tag-2024-05-02","tag-dpmk-kosice","tag-koszyce","tag-majowka-2024","tag-plany-i-profile","tag-slowacja","tag-tatra-kt8"],"_links":{"self":[{"href":"http:\/\/wgphoto.pl\/t\/index.php?rest_route=\/wp\/v2\/posts\/17008","targetHints":{"allow":["GET"]}}],"collection":[{"href":"http:\/\/wgphoto.pl\/t\/index.php?rest_route=\/wp\/v2\/posts"}],"about":[{"href":"http:\/\/wgphoto.pl\/t\/index.php?rest_route=\/wp\/v2\/types\/post"}],"author":[{"embeddable":true,"href":"http:\/\/wgphoto.pl\/t\/index.php?rest_route=\/wp\/v2\/users\/1"}],"replies":[{"embeddable":true,"href":"http:\/\/wgphoto.pl\/t\/index.php?rest_route=%2Fwp%2Fv2%2Fcomments&post=17008"}],"version-history":[{"count":1,"href":"http:\/\/wgphoto.pl\/t\/index.php?rest_route=\/wp\/v2\/posts\/17008\/revisions"}],"predecessor-version":[{"id":17010,"href":"http:\/\/wgphoto.pl\/t\/index.php?rest_route=\/wp\/v2\/posts\/17008\/revisions\/17010"}],"wp:featuredmedia":[{"embeddable":true,"href":"http:\/\/wgphoto.pl\/t\/index.php?rest_route=\/wp\/v2\/media\/17009"}],"wp:attachment":[{"href":"http:\/\/wgphoto.pl\/t\/index.php?rest_route=%2Fwp%2Fv2%2Fmedia&parent=17008"}],"wp:term":[{"taxonomy":"category","embeddable":true,"href":"http:\/\/wgphoto.pl\/t\/index.php?rest_route=%2Fwp%2Fv2%2Fcategories&post=17008"},{"taxonomy":"post_tag","embeddable":true,"href":"http:\/\/wgphoto.pl\/t\/index.php?rest_route=%2Fwp%2Fv2%2Ftags&post=17008"}],"curies":[{"name":"wp","href":"https:\/\/api.w.org\/{rel}","templated":true}]}}