{"id":17115,"date":"2025-05-16T12:34:43","date_gmt":"2025-05-16T10:34:43","guid":{"rendered":"https:\/\/wgphoto.pl\/t\/?p=17115"},"modified":"2025-05-16T12:34:43","modified_gmt":"2025-05-16T10:34:43","slug":"niemiecki-kostrzyn","status":"publish","type":"post","link":"http:\/\/wgphoto.pl\/t\/?p=17115","title":{"rendered":"Niemiecki Kostrzyn"},"content":{"rendered":"\n<figure class=\"wp-block-image aligncenter size-full\"><img loading=\"lazy\" decoding=\"async\" width=\"1050\" height=\"700\" src=\"https:\/\/wgphoto.pl\/t\/wp-content\/uploads\/2025\/05\/0615-37.jpg\" alt=\"\" class=\"wp-image-17116\" srcset=\"http:\/\/wgphoto.pl\/t\/wp-content\/uploads\/2025\/05\/0615-37.jpg 1050w, http:\/\/wgphoto.pl\/t\/wp-content\/uploads\/2025\/05\/0615-37-300x200.jpg 300w, http:\/\/wgphoto.pl\/t\/wp-content\/uploads\/2025\/05\/0615-37-768x512.jpg 768w\" sizes=\"auto, (max-width: 1050px) 100vw, 1050px\" \/><\/figure>\n\n\n\n<div class=\"wp-block-group has-global-padding is-layout-constrained wp-block-group-is-layout-constrained\">\n<p>628\/928 697+648 czyli w skr\u00f3cie poci\u0105g 5821 z Berlina-Lichtenbergu do Kostrzyna odje\u017cd\u017ca ze stacji K\u00fcstrin-Kietz. Poza tym jednym razem w \u017cyciu tam nie by\u0142em ale s\u0105dz\u0105c po okoliczno\u015bciach przyrody uda\u0142o mi si\u0119 z\u0142apa\u0107 poci\u0105g na nieczynnej zapewne obecnie, o ile w og\u00f3le istniej\u0105cej, grupie tor\u00f3w. 23.07.2006<\/p>\n<\/div>\n","protected":false},"excerpt":{"rendered":"<p>628\/928 697+648 czyli w skr\u00f3cie poci\u0105g 5821 z Berlina-Lichtenbergu do Kostrzyna odje\u017cd\u017ca ze stacji K\u00fcstrin-Kietz. Poza tym jednym razem w \u017cyciu tam nie by\u0142em ale s\u0105dz\u0105c po okoliczno\u015bciach przyrody uda\u0142o mi si\u0119 z\u0142apa\u0107 poci\u0105g na nieczynnej zapewne obecnie, o ile w og\u00f3le istniej\u0105cej, grupie tor\u00f3w. 23.07.2006<\/p>\n","protected":false},"author":1,"featured_media":17116,"comment_status":"open","ping_status":"","sticky":false,"template":"","format":"standard","meta":{"footnotes":""},"categories":[62,2,130],"tags":[1294,1450,206,3803,23],"class_list":["post-17115","post","type-post","status-publish","format-standard","has-post-thumbnail","hentry","category-analog","category-kolej","category-rok-2006","tag-2006-07-23","tag-1450","tag-db","tag-kustrin-kietz","tag-niemcy"],"_links":{"self":[{"href":"http:\/\/wgphoto.pl\/t\/index.php?rest_route=\/wp\/v2\/posts\/17115","targetHints":{"allow":["GET"]}}],"collection":[{"href":"http:\/\/wgphoto.pl\/t\/index.php?rest_route=\/wp\/v2\/posts"}],"about":[{"href":"http:\/\/wgphoto.pl\/t\/index.php?rest_route=\/wp\/v2\/types\/post"}],"author":[{"embeddable":true,"href":"http:\/\/wgphoto.pl\/t\/index.php?rest_route=\/wp\/v2\/users\/1"}],"replies":[{"embeddable":true,"href":"http:\/\/wgphoto.pl\/t\/index.php?rest_route=%2Fwp%2Fv2%2Fcomments&post=17115"}],"version-history":[{"count":1,"href":"http:\/\/wgphoto.pl\/t\/index.php?rest_route=\/wp\/v2\/posts\/17115\/revisions"}],"predecessor-version":[{"id":17117,"href":"http:\/\/wgphoto.pl\/t\/index.php?rest_route=\/wp\/v2\/posts\/17115\/revisions\/17117"}],"wp:featuredmedia":[{"embeddable":true,"href":"http:\/\/wgphoto.pl\/t\/index.php?rest_route=\/wp\/v2\/media\/17116"}],"wp:attachment":[{"href":"http:\/\/wgphoto.pl\/t\/index.php?rest_route=%2Fwp%2Fv2%2Fmedia&parent=17115"}],"wp:term":[{"taxonomy":"category","embeddable":true,"href":"http:\/\/wgphoto.pl\/t\/index.php?rest_route=%2Fwp%2Fv2%2Fcategories&post=17115"},{"taxonomy":"post_tag","embeddable":true,"href":"http:\/\/wgphoto.pl\/t\/index.php?rest_route=%2Fwp%2Fv2%2Ftags&post=17115"}],"curies":[{"name":"wp","href":"https:\/\/api.w.org\/{rel}","templated":true}]}}