{"id":17171,"date":"2025-05-24T11:14:38","date_gmt":"2025-05-24T09:14:38","guid":{"rendered":"https:\/\/wgphoto.pl\/t\/?p=17171"},"modified":"2025-05-24T11:14:38","modified_gmt":"2025-05-24T09:14:38","slug":"czekajac-na-wlaczenie","status":"publish","type":"post","link":"http:\/\/wgphoto.pl\/t\/?p=17171","title":{"rendered":"Czekaj\u0105c na w\u0142\u0105czenie"},"content":{"rendered":"\n<figure class=\"wp-block-image aligncenter size-full\"><img loading=\"lazy\" decoding=\"async\" width=\"1200\" height=\"800\" src=\"https:\/\/wgphoto.pl\/t\/wp-content\/uploads\/2025\/05\/0822-11a.jpg\" alt=\"\" class=\"wp-image-17172\" srcset=\"http:\/\/wgphoto.pl\/t\/wp-content\/uploads\/2025\/05\/0822-11a.jpg 1200w, http:\/\/wgphoto.pl\/t\/wp-content\/uploads\/2025\/05\/0822-11a-300x200.jpg 300w, http:\/\/wgphoto.pl\/t\/wp-content\/uploads\/2025\/05\/0822-11a-768x512.jpg 768w\" sizes=\"auto, (max-width: 1200px) 100vw, 1200px\" \/><\/figure>\n\n\n\n<div class=\"wp-block-group has-global-padding is-layout-constrained wp-block-group-is-layout-constrained\">\n<p>105Na 2362+2361 czeka na ul. kard. Stefana Wyszy\u0144skiego na podmian\u0119 z rezerw\u0105. Wcze\u015bniej zrobi\u0142em ca\u0142kiem \u0142adne zatrzymanie, gdy\u017c zgubiona os\u0142ona silnika postanowi\u0142a si\u0119 zaklinowa\u0107 mi\u0119dzy ko\u0142em a p\u0142oz\u0105 hamulca szynowego. 27.11.2008<\/p>\n<\/div>\n","protected":false},"excerpt":{"rendered":"<p>105Na 2362+2361 czeka na ul. kard. Stefana Wyszy\u0144skiego na podmian\u0119 z rezerw\u0105. Wcze\u015bniej zrobi\u0142em ca\u0142kiem \u0142adne zatrzymanie, gdy\u017c zgubiona os\u0142ona silnika postanowi\u0142a si\u0119 zaklinowa\u0107 mi\u0119dzy ko\u0142em a p\u0142oz\u0105 hamulca szynowego. 27.11.2008<\/p>\n","protected":false},"author":1,"featured_media":17172,"comment_status":"open","ping_status":"","sticky":false,"template":"","format":"standard","meta":{"footnotes":""},"categories":[62,120,3],"tags":[155,3811,42,154,27,439,41],"class_list":["post-17171","post","type-post","status-publish","format-standard","has-post-thumbnail","hentry","category-analog","category-rok-2008","category-tramwaj","tag-105na","tag-2008-11-27","tag-mpk-wroclaw","tag-noc","tag-polska","tag-we-fabryce","tag-wroclaw"],"_links":{"self":[{"href":"http:\/\/wgphoto.pl\/t\/index.php?rest_route=\/wp\/v2\/posts\/17171","targetHints":{"allow":["GET"]}}],"collection":[{"href":"http:\/\/wgphoto.pl\/t\/index.php?rest_route=\/wp\/v2\/posts"}],"about":[{"href":"http:\/\/wgphoto.pl\/t\/index.php?rest_route=\/wp\/v2\/types\/post"}],"author":[{"embeddable":true,"href":"http:\/\/wgphoto.pl\/t\/index.php?rest_route=\/wp\/v2\/users\/1"}],"replies":[{"embeddable":true,"href":"http:\/\/wgphoto.pl\/t\/index.php?rest_route=%2Fwp%2Fv2%2Fcomments&post=17171"}],"version-history":[{"count":1,"href":"http:\/\/wgphoto.pl\/t\/index.php?rest_route=\/wp\/v2\/posts\/17171\/revisions"}],"predecessor-version":[{"id":17173,"href":"http:\/\/wgphoto.pl\/t\/index.php?rest_route=\/wp\/v2\/posts\/17171\/revisions\/17173"}],"wp:featuredmedia":[{"embeddable":true,"href":"http:\/\/wgphoto.pl\/t\/index.php?rest_route=\/wp\/v2\/media\/17172"}],"wp:attachment":[{"href":"http:\/\/wgphoto.pl\/t\/index.php?rest_route=%2Fwp%2Fv2%2Fmedia&parent=17171"}],"wp:term":[{"taxonomy":"category","embeddable":true,"href":"http:\/\/wgphoto.pl\/t\/index.php?rest_route=%2Fwp%2Fv2%2Fcategories&post=17171"},{"taxonomy":"post_tag","embeddable":true,"href":"http:\/\/wgphoto.pl\/t\/index.php?rest_route=%2Fwp%2Fv2%2Ftags&post=17171"}],"curies":[{"name":"wp","href":"https:\/\/api.w.org\/{rel}","templated":true}]}}