{"id":17174,"date":"2025-05-24T11:16:02","date_gmt":"2025-05-24T09:16:02","guid":{"rendered":"https:\/\/wgphoto.pl\/t\/?p=17174"},"modified":"2025-05-24T11:16:02","modified_gmt":"2025-05-24T09:16:02","slug":"19","status":"publish","type":"post","link":"http:\/\/wgphoto.pl\/t\/?p=17174","title":{"rendered":"19"},"content":{"rendered":"\n<figure class=\"wp-block-image aligncenter size-full\"><img loading=\"lazy\" decoding=\"async\" width=\"1200\" height=\"800\" src=\"https:\/\/wgphoto.pl\/t\/wp-content\/uploads\/2025\/05\/0821-09.jpg\" alt=\"\" class=\"wp-image-17175\" srcset=\"http:\/\/wgphoto.pl\/t\/wp-content\/uploads\/2025\/05\/0821-09.jpg 1200w, http:\/\/wgphoto.pl\/t\/wp-content\/uploads\/2025\/05\/0821-09-300x200.jpg 300w, http:\/\/wgphoto.pl\/t\/wp-content\/uploads\/2025\/05\/0821-09-768x512.jpg 768w\" sizes=\"auto, (max-width: 1200px) 100vw, 1200px\" \/><\/figure>\n\n\n\n<div class=\"wp-block-group has-global-padding is-layout-constrained wp-block-group-is-layout-constrained\">\n<p>Praga, p\u0119tla Rado\u0161ovick\u00e1. Przyjecha\u0142a r\u00f3wnie\u017c 19, je\u015bli kto\u015b bardziej zwraca uwag\u0119 na numer linii &#8211; a na taki \u0142adny, pod\u015bwietlany, trudno nie zwr\u00f3ci\u0107. \ud83d\ude09 10.11.2008<\/p>\n<\/div>\n","protected":false},"excerpt":{"rendered":"<p>Praga, p\u0119tla Rado\u0161ovick\u00e1. Przyjecha\u0142a r\u00f3wnie\u017c 19, je\u015bli kto\u015b bardziej zwraca uwag\u0119 na numer linii &#8211; a na taki \u0142adny, pod\u015bwietlany, trudno nie zwr\u00f3ci\u0107. \ud83d\ude09 10.11.2008<\/p>\n","protected":false},"author":1,"featured_media":17175,"comment_status":"open","ping_status":"","sticky":false,"template":"","format":"standard","meta":{"footnotes":""},"categories":[62,120,3],"tags":[2058,49,1049,154,438,52,1011],"class_list":["post-17174","post","type-post","status-publish","format-standard","has-post-thumbnail","hentry","category-analog","category-rok-2008","category-tramwaj","tag-2008-11-10","tag-czechy","tag-dp-praha","tag-noc","tag-portret-z-petli","tag-praga","tag-tatra-t3"],"_links":{"self":[{"href":"http:\/\/wgphoto.pl\/t\/index.php?rest_route=\/wp\/v2\/posts\/17174","targetHints":{"allow":["GET"]}}],"collection":[{"href":"http:\/\/wgphoto.pl\/t\/index.php?rest_route=\/wp\/v2\/posts"}],"about":[{"href":"http:\/\/wgphoto.pl\/t\/index.php?rest_route=\/wp\/v2\/types\/post"}],"author":[{"embeddable":true,"href":"http:\/\/wgphoto.pl\/t\/index.php?rest_route=\/wp\/v2\/users\/1"}],"replies":[{"embeddable":true,"href":"http:\/\/wgphoto.pl\/t\/index.php?rest_route=%2Fwp%2Fv2%2Fcomments&post=17174"}],"version-history":[{"count":1,"href":"http:\/\/wgphoto.pl\/t\/index.php?rest_route=\/wp\/v2\/posts\/17174\/revisions"}],"predecessor-version":[{"id":17176,"href":"http:\/\/wgphoto.pl\/t\/index.php?rest_route=\/wp\/v2\/posts\/17174\/revisions\/17176"}],"wp:featuredmedia":[{"embeddable":true,"href":"http:\/\/wgphoto.pl\/t\/index.php?rest_route=\/wp\/v2\/media\/17175"}],"wp:attachment":[{"href":"http:\/\/wgphoto.pl\/t\/index.php?rest_route=%2Fwp%2Fv2%2Fmedia&parent=17174"}],"wp:term":[{"taxonomy":"category","embeddable":true,"href":"http:\/\/wgphoto.pl\/t\/index.php?rest_route=%2Fwp%2Fv2%2Fcategories&post=17174"},{"taxonomy":"post_tag","embeddable":true,"href":"http:\/\/wgphoto.pl\/t\/index.php?rest_route=%2Fwp%2Fv2%2Ftags&post=17174"}],"curies":[{"name":"wp","href":"https:\/\/api.w.org\/{rel}","templated":true}]}}