{"id":17189,"date":"2025-05-24T11:21:15","date_gmt":"2025-05-24T09:21:15","guid":{"rendered":"https:\/\/wgphoto.pl\/t\/?p=17189"},"modified":"2025-12-21T20:23:50","modified_gmt":"2025-12-21T19:23:50","slug":"wyznacznik-dlugosci-dnia","status":"publish","type":"post","link":"http:\/\/wgphoto.pl\/t\/?p=17189","title":{"rendered":"Wyznacznik d\u0142ugo\u015bci dnia"},"content":{"rendered":"\n<figure class=\"wp-block-image aligncenter size-full\"><img loading=\"lazy\" decoding=\"async\" width=\"1200\" height=\"795\" src=\"https:\/\/wgphoto.pl\/t\/wp-content\/uploads\/2025\/05\/IMGP8604.jpg\" alt=\"\" class=\"wp-image-17190\" srcset=\"http:\/\/wgphoto.pl\/t\/wp-content\/uploads\/2025\/05\/IMGP8604.jpg 1200w, http:\/\/wgphoto.pl\/t\/wp-content\/uploads\/2025\/05\/IMGP8604-300x199.jpg 300w, http:\/\/wgphoto.pl\/t\/wp-content\/uploads\/2025\/05\/IMGP8604-768x509.jpg 768w\" sizes=\"auto, (max-width: 1200px) 100vw, 1200px\" \/><\/figure>\n\n\n\n<div class=\"wp-block-group has-global-padding is-layout-constrained wp-block-group-is-layout-constrained\">\n<p>Wroc\u0142aw, p\u0119tla Opor\u00f3w. W tamtym okresie cz\u0119sto miewa\u0142em t\u0119 sam\u0105 brygad\u0119, a \u017ce post\u00f3j o zmierzchu wypada\u0142 akurat na Oporowie, a z kolei zmierzch, gdy fotograficzne \u015bwiat\u0142o zmienia si\u0119 z minuty na minut\u0119, jest dobrym wyznacznikiem pory dnia, regularnie mog\u0142em por\u00f3wnywa\u0107, jak skraca si\u0119 kr\u00f3tki jesienny dzie\u0144. 2016-11-26<\/p>\n<\/div>\n","protected":false},"excerpt":{"rendered":"<p>Wroc\u0142aw, p\u0119tla Opor\u00f3w. W tamtym okresie cz\u0119sto miewa\u0142em t\u0119 sam\u0105 brygad\u0119, a \u017ce post\u00f3j o zmierzchu wypada\u0142 akurat na Oporowie, a z kolei zmierzch, gdy fotograficzne \u015bwiat\u0142o zmienia si\u0119 z minuty na minut\u0119, jest dobrym wyznacznikiem pory dnia, regularnie mog\u0142em por\u00f3wnywa\u0107, jak skraca si\u0119 kr\u00f3tki jesienny dzie\u0144. 2016-11-26<\/p>\n","protected":false},"author":1,"featured_media":17190,"comment_status":"open","ping_status":"","sticky":false,"template":"","format":"standard","meta":{"footnotes":""},"categories":[125,3],"tags":[3558,91,4603,501,42,27,439,41],"class_list":["post-17189","post","type-post","status-publish","format-standard","has-post-thumbnail","hentry","category-rok-2016","category-tramwaj","tag-2016-11-26","tag-blue-hour","tag-mf19ac","tag-moderus-beta","tag-mpk-wroclaw","tag-polska","tag-we-fabryce","tag-wroclaw"],"_links":{"self":[{"href":"http:\/\/wgphoto.pl\/t\/index.php?rest_route=\/wp\/v2\/posts\/17189","targetHints":{"allow":["GET"]}}],"collection":[{"href":"http:\/\/wgphoto.pl\/t\/index.php?rest_route=\/wp\/v2\/posts"}],"about":[{"href":"http:\/\/wgphoto.pl\/t\/index.php?rest_route=\/wp\/v2\/types\/post"}],"author":[{"embeddable":true,"href":"http:\/\/wgphoto.pl\/t\/index.php?rest_route=\/wp\/v2\/users\/1"}],"replies":[{"embeddable":true,"href":"http:\/\/wgphoto.pl\/t\/index.php?rest_route=%2Fwp%2Fv2%2Fcomments&post=17189"}],"version-history":[{"count":1,"href":"http:\/\/wgphoto.pl\/t\/index.php?rest_route=\/wp\/v2\/posts\/17189\/revisions"}],"predecessor-version":[{"id":17191,"href":"http:\/\/wgphoto.pl\/t\/index.php?rest_route=\/wp\/v2\/posts\/17189\/revisions\/17191"}],"wp:featuredmedia":[{"embeddable":true,"href":"http:\/\/wgphoto.pl\/t\/index.php?rest_route=\/wp\/v2\/media\/17190"}],"wp:attachment":[{"href":"http:\/\/wgphoto.pl\/t\/index.php?rest_route=%2Fwp%2Fv2%2Fmedia&parent=17189"}],"wp:term":[{"taxonomy":"category","embeddable":true,"href":"http:\/\/wgphoto.pl\/t\/index.php?rest_route=%2Fwp%2Fv2%2Fcategories&post=17189"},{"taxonomy":"post_tag","embeddable":true,"href":"http:\/\/wgphoto.pl\/t\/index.php?rest_route=%2Fwp%2Fv2%2Ftags&post=17189"}],"curies":[{"name":"wp","href":"https:\/\/api.w.org\/{rel}","templated":true}]}}