{"id":17195,"date":"2025-05-24T11:23:19","date_gmt":"2025-05-24T09:23:19","guid":{"rendered":"https:\/\/wgphoto.pl\/t\/?p=17195"},"modified":"2025-05-24T11:23:19","modified_gmt":"2025-05-24T09:23:19","slug":"pelen-relaks","status":"publish","type":"post","link":"http:\/\/wgphoto.pl\/t\/?p=17195","title":{"rendered":"Pe\u0142en relaks"},"content":{"rendered":"\n<figure class=\"wp-block-image aligncenter size-full\"><img loading=\"lazy\" decoding=\"async\" width=\"695\" height=\"1049\" src=\"https:\/\/wgphoto.pl\/t\/wp-content\/uploads\/2025\/05\/IMGP9549.jpg\" alt=\"\" class=\"wp-image-17196\" srcset=\"http:\/\/wgphoto.pl\/t\/wp-content\/uploads\/2025\/05\/IMGP9549.jpg 695w, http:\/\/wgphoto.pl\/t\/wp-content\/uploads\/2025\/05\/IMGP9549-199x300.jpg 199w\" sizes=\"auto, (max-width: 695px) 100vw, 695px\" \/><\/figure>\n\n\n\n<div class=\"wp-block-group has-global-padding is-layout-constrained wp-block-group-is-layout-constrained\">\n<p>Typowy szwedzki wagon w cz\u0119\u015bci bezprzedzia\u0142owej. Mo\u017cna si\u0119 tu zatopi\u0107 w mi\u0119kki fotel, oprze\u0107 o ciep\u0142\u0105 \u015bcian\u0119 (jej &#8222;dziurkowana&#8221; cz\u0119\u015b\u0107 poni\u017cej okien jest grzejnikiem) oraz zapatrze\u0107 w zimowe krajobrazy za oknem. Pami\u0119tam \u017ce a\u017c nie chcia\u0142o mi si\u0119 st\u0105d wysiada\u0107. 21.01.2015<\/p>\n<\/div>\n","protected":false},"excerpt":{"rendered":"<p>Typowy szwedzki wagon w cz\u0119\u015bci bezprzedzia\u0142owej. Mo\u017cna si\u0119 tu zatopi\u0107 w mi\u0119kki fotel, oprze\u0107 o ciep\u0142\u0105 \u015bcian\u0119 (jej &#8222;dziurkowana&#8221; cz\u0119\u015b\u0107 poni\u017cej okien jest grzejnikiem) oraz zapatrze\u0107 w zimowe krajobrazy za oknem. Pami\u0119tam \u017ce a\u017c nie chcia\u0142o mi si\u0119 st\u0105d wysiada\u0107. 21.01.2015<\/p>\n","protected":false},"author":1,"featured_media":17196,"comment_status":"open","ping_status":"","sticky":false,"template":"","format":"standard","meta":{"footnotes":""},"categories":[220,2,128,104],"tags":[2528,1372,2529,685,265,454],"class_list":["post-17195","post","type-post","status-publish","format-standard","has-post-thumbnail","hentry","category-blo","category-kolej","category-pionowe","category-rok-2015","tag-2015-01-21","tag-sj","tag-sztokholm-2015","tag-szwecja","tag-wagon","tag-wnetrza-pojazdow"],"_links":{"self":[{"href":"http:\/\/wgphoto.pl\/t\/index.php?rest_route=\/wp\/v2\/posts\/17195","targetHints":{"allow":["GET"]}}],"collection":[{"href":"http:\/\/wgphoto.pl\/t\/index.php?rest_route=\/wp\/v2\/posts"}],"about":[{"href":"http:\/\/wgphoto.pl\/t\/index.php?rest_route=\/wp\/v2\/types\/post"}],"author":[{"embeddable":true,"href":"http:\/\/wgphoto.pl\/t\/index.php?rest_route=\/wp\/v2\/users\/1"}],"replies":[{"embeddable":true,"href":"http:\/\/wgphoto.pl\/t\/index.php?rest_route=%2Fwp%2Fv2%2Fcomments&post=17195"}],"version-history":[{"count":1,"href":"http:\/\/wgphoto.pl\/t\/index.php?rest_route=\/wp\/v2\/posts\/17195\/revisions"}],"predecessor-version":[{"id":17197,"href":"http:\/\/wgphoto.pl\/t\/index.php?rest_route=\/wp\/v2\/posts\/17195\/revisions\/17197"}],"wp:featuredmedia":[{"embeddable":true,"href":"http:\/\/wgphoto.pl\/t\/index.php?rest_route=\/wp\/v2\/media\/17196"}],"wp:attachment":[{"href":"http:\/\/wgphoto.pl\/t\/index.php?rest_route=%2Fwp%2Fv2%2Fmedia&parent=17195"}],"wp:term":[{"taxonomy":"category","embeddable":true,"href":"http:\/\/wgphoto.pl\/t\/index.php?rest_route=%2Fwp%2Fv2%2Fcategories&post=17195"},{"taxonomy":"post_tag","embeddable":true,"href":"http:\/\/wgphoto.pl\/t\/index.php?rest_route=%2Fwp%2Fv2%2Ftags&post=17195"}],"curies":[{"name":"wp","href":"https:\/\/api.w.org\/{rel}","templated":true}]}}