{"id":17210,"date":"2025-05-24T11:28:49","date_gmt":"2025-05-24T09:28:49","guid":{"rendered":"https:\/\/wgphoto.pl\/t\/?p=17210"},"modified":"2025-05-24T11:28:49","modified_gmt":"2025-05-24T09:28:49","slug":"kolory-i-detale","status":"publish","type":"post","link":"http:\/\/wgphoto.pl\/t\/?p=17210","title":{"rendered":"Kolory i detale"},"content":{"rendered":"\n<figure class=\"wp-block-image aligncenter size-full\"><img loading=\"lazy\" decoding=\"async\" width=\"1200\" height=\"800\" src=\"https:\/\/wgphoto.pl\/t\/wp-content\/uploads\/2025\/05\/IMGP5969.jpg\" alt=\"\" class=\"wp-image-17211\" srcset=\"http:\/\/wgphoto.pl\/t\/wp-content\/uploads\/2025\/05\/IMGP5969.jpg 1200w, http:\/\/wgphoto.pl\/t\/wp-content\/uploads\/2025\/05\/IMGP5969-300x200.jpg 300w, http:\/\/wgphoto.pl\/t\/wp-content\/uploads\/2025\/05\/IMGP5969-768x512.jpg 768w\" sizes=\"auto, (max-width: 1200px) 100vw, 1200px\" \/><\/figure>\n\n\n\n<div class=\"wp-block-group has-global-padding is-layout-constrained wp-block-group-is-layout-constrained\">\n<p>Zgodnie z tytu\u0142em, spodoba\u0142o mi si\u0119 tutaj kolorystyczne rozr\u00f3\u017cnienie klas na srebrnych wagonach, a tak\u017ce piktogramy (rower i fili\u017canka) oraz wypuk\u0142e logo CP na ryflowanej burcie. 17.02.2018<\/p>\n<\/div>\n","protected":false},"excerpt":{"rendered":"<p>Zgodnie z tytu\u0142em, spodoba\u0142o mi si\u0119 tutaj kolorystyczne rozr\u00f3\u017cnienie klas na srebrnych wagonach, a tak\u017ce piktogramy (rower i fili\u017canka) oraz wypuk\u0142e logo CP na ryflowanej burcie. 17.02.2018<\/p>\n","protected":false},"author":1,"featured_media":17211,"comment_status":"open","ping_status":"","sticky":false,"template":"","format":"standard","meta":{"footnotes":""},"categories":[220,2,156],"tags":[956,1165,3819,298,297,1587,265],"class_list":["post-17210","post","type-post","status-publish","format-standard","has-post-thumbnail","hentry","category-blo","category-kolej","category-rok-2018","tag-2018-02-17","tag-cp","tag-lisboa-oriente-2","tag-lizbona","tag-portugalia","tag-w-skladzie","tag-wagon"],"_links":{"self":[{"href":"http:\/\/wgphoto.pl\/t\/index.php?rest_route=\/wp\/v2\/posts\/17210","targetHints":{"allow":["GET"]}}],"collection":[{"href":"http:\/\/wgphoto.pl\/t\/index.php?rest_route=\/wp\/v2\/posts"}],"about":[{"href":"http:\/\/wgphoto.pl\/t\/index.php?rest_route=\/wp\/v2\/types\/post"}],"author":[{"embeddable":true,"href":"http:\/\/wgphoto.pl\/t\/index.php?rest_route=\/wp\/v2\/users\/1"}],"replies":[{"embeddable":true,"href":"http:\/\/wgphoto.pl\/t\/index.php?rest_route=%2Fwp%2Fv2%2Fcomments&post=17210"}],"version-history":[{"count":1,"href":"http:\/\/wgphoto.pl\/t\/index.php?rest_route=\/wp\/v2\/posts\/17210\/revisions"}],"predecessor-version":[{"id":17212,"href":"http:\/\/wgphoto.pl\/t\/index.php?rest_route=\/wp\/v2\/posts\/17210\/revisions\/17212"}],"wp:featuredmedia":[{"embeddable":true,"href":"http:\/\/wgphoto.pl\/t\/index.php?rest_route=\/wp\/v2\/media\/17211"}],"wp:attachment":[{"href":"http:\/\/wgphoto.pl\/t\/index.php?rest_route=%2Fwp%2Fv2%2Fmedia&parent=17210"}],"wp:term":[{"taxonomy":"category","embeddable":true,"href":"http:\/\/wgphoto.pl\/t\/index.php?rest_route=%2Fwp%2Fv2%2Fcategories&post=17210"},{"taxonomy":"post_tag","embeddable":true,"href":"http:\/\/wgphoto.pl\/t\/index.php?rest_route=%2Fwp%2Fv2%2Ftags&post=17210"}],"curies":[{"name":"wp","href":"https:\/\/api.w.org\/{rel}","templated":true}]}}