{"id":17225,"date":"2025-05-24T11:35:19","date_gmt":"2025-05-24T09:35:19","guid":{"rendered":"https:\/\/wgphoto.pl\/t\/?p=17225"},"modified":"2025-05-24T11:35:19","modified_gmt":"2025-05-24T09:35:19","slug":"sw-jan-i-maria-pia","status":"publish","type":"post","link":"http:\/\/wgphoto.pl\/t\/?p=17225","title":{"rendered":"\u015aw. Jan i Maria Pia"},"content":{"rendered":"\n<figure class=\"wp-block-image aligncenter size-full\"><img loading=\"lazy\" decoding=\"async\" width=\"1200\" height=\"795\" src=\"https:\/\/wgphoto.pl\/t\/wp-content\/uploads\/2025\/05\/IMGP6479.jpg\" alt=\"\" class=\"wp-image-17226\" srcset=\"http:\/\/wgphoto.pl\/t\/wp-content\/uploads\/2025\/05\/IMGP6479.jpg 1200w, http:\/\/wgphoto.pl\/t\/wp-content\/uploads\/2025\/05\/IMGP6479-300x199.jpg 300w, http:\/\/wgphoto.pl\/t\/wp-content\/uploads\/2025\/05\/IMGP6479-768x509.jpg 768w\" sizes=\"auto, (max-width: 1200px) 100vw, 1200px\" \/><\/figure>\n\n\n\n<div class=\"wp-block-group has-global-padding is-layout-constrained wp-block-group-is-layout-constrained\">\n<p>5-wagonowy IC do Lizbony opu\u015bci\u0142 stacj\u0119 Porto-Campanh\u00e3 i przeprawia si\u0119 na lewy brzeg rzeki Douro nowym mostem kolejowym im. \u015awi\u0119tego Jana, oddanym do u\u017cytku w 1991 roku. Bli\u017cej stoi most Maria Pia (nazwany imieniem kr\u00f3lowej), zbudowany w 1877 roku przez Eiffela (tego od wie\u017cy) i s\u0142u\u017c\u0105cy poci\u0105gom przez ponad sto lat, w ko\u0144cowym okresie ze znacznym ograniczeniem no\u015bno\u015bci oraz pr\u0119dko\u015bci. 2018-02-20<\/p>\n<\/div>\n","protected":false},"excerpt":{"rendered":"<p>5-wagonowy IC do Lizbony opu\u015bci\u0142 stacj\u0119 Porto-Campanh\u00e3 i przeprawia si\u0119 na lewy brzeg rzeki Douro nowym mostem kolejowym im. \u015awi\u0119tego Jana, oddanym do u\u017cytku w 1991 roku. Bli\u017cej stoi most Maria Pia (nazwany imieniem kr\u00f3lowej), zbudowany w 1877 roku przez Eiffela (tego od wie\u017cy) i s\u0142u\u017c\u0105cy poci\u0105gom przez ponad sto lat, w ko\u0144cowym okresie ze [&hellip;]<\/p>\n","protected":false},"author":1,"featured_media":17226,"comment_status":"open","ping_status":"","sticky":false,"template":"","format":"standard","meta":{"footnotes":""},"categories":[2,156],"tags":[506,1165,45,503,297,505,176,73],"class_list":["post-17225","post","type-post","status-publish","format-standard","has-post-thumbnail","hentry","category-kolej","category-rok-2018","tag-2018-02-20","tag-cp","tag-most","tag-porto","tag-portugalia","tag-portugalia-2018","tag-rano","tag-rzeka"],"_links":{"self":[{"href":"http:\/\/wgphoto.pl\/t\/index.php?rest_route=\/wp\/v2\/posts\/17225","targetHints":{"allow":["GET"]}}],"collection":[{"href":"http:\/\/wgphoto.pl\/t\/index.php?rest_route=\/wp\/v2\/posts"}],"about":[{"href":"http:\/\/wgphoto.pl\/t\/index.php?rest_route=\/wp\/v2\/types\/post"}],"author":[{"embeddable":true,"href":"http:\/\/wgphoto.pl\/t\/index.php?rest_route=\/wp\/v2\/users\/1"}],"replies":[{"embeddable":true,"href":"http:\/\/wgphoto.pl\/t\/index.php?rest_route=%2Fwp%2Fv2%2Fcomments&post=17225"}],"version-history":[{"count":1,"href":"http:\/\/wgphoto.pl\/t\/index.php?rest_route=\/wp\/v2\/posts\/17225\/revisions"}],"predecessor-version":[{"id":17227,"href":"http:\/\/wgphoto.pl\/t\/index.php?rest_route=\/wp\/v2\/posts\/17225\/revisions\/17227"}],"wp:featuredmedia":[{"embeddable":true,"href":"http:\/\/wgphoto.pl\/t\/index.php?rest_route=\/wp\/v2\/media\/17226"}],"wp:attachment":[{"href":"http:\/\/wgphoto.pl\/t\/index.php?rest_route=%2Fwp%2Fv2%2Fmedia&parent=17225"}],"wp:term":[{"taxonomy":"category","embeddable":true,"href":"http:\/\/wgphoto.pl\/t\/index.php?rest_route=%2Fwp%2Fv2%2Fcategories&post=17225"},{"taxonomy":"post_tag","embeddable":true,"href":"http:\/\/wgphoto.pl\/t\/index.php?rest_route=%2Fwp%2Fv2%2Ftags&post=17225"}],"curies":[{"name":"wp","href":"https:\/\/api.w.org\/{rel}","templated":true}]}}