{"id":17252,"date":"2025-05-24T11:51:18","date_gmt":"2025-05-24T09:51:18","guid":{"rendered":"https:\/\/wgphoto.pl\/t\/?p=17252"},"modified":"2025-05-24T11:51:18","modified_gmt":"2025-05-24T09:51:18","slug":"hiszpanska-jesien-3","status":"publish","type":"post","link":"http:\/\/wgphoto.pl\/t\/?p=17252","title":{"rendered":"Hiszpa\u0144ska jesie\u0144"},"content":{"rendered":"\n<figure class=\"wp-block-image aligncenter size-full\"><img loading=\"lazy\" decoding=\"async\" width=\"1200\" height=\"795\" src=\"https:\/\/wgphoto.pl\/t\/wp-content\/uploads\/2025\/05\/IMGP2405.jpg\" alt=\"\" class=\"wp-image-17253\" srcset=\"http:\/\/wgphoto.pl\/t\/wp-content\/uploads\/2025\/05\/IMGP2405.jpg 1200w, http:\/\/wgphoto.pl\/t\/wp-content\/uploads\/2025\/05\/IMGP2405-300x199.jpg 300w, http:\/\/wgphoto.pl\/t\/wp-content\/uploads\/2025\/05\/IMGP2405-768x509.jpg 768w\" sizes=\"auto, (max-width: 1200px) 100vw, 1200px\" \/><\/figure>\n\n\n\n<div class=\"wp-block-group has-global-padding is-layout-constrained wp-block-group-is-layout-constrained\">\n<p>Granada, Calle Iznalloz. To nieprawda \u017ce o tej porze roku w Hiszpanii to tylko palmy i s\u0142o\u0144ce. Ja akurat trafi\u0142em (i to na po\u0142udniu kraju) na paskudn\u0105 jesie\u0144 z ulewnym deszczem, kt\u00f3ry akurat po raz kolejny tego dnia na chwil\u0119 przesta\u0142 pada\u0107, ods\u0142aniaj\u0105c przy okazji kawa\u0142ek krajobrazu. Jedynie temperatura by\u0142a ca\u0142kowicie akceptowalna &#8211; oko\u0142o 15 stopni. 2018-11-19<\/p>\n<\/div>\n","protected":false},"excerpt":{"rendered":"<p>Granada, Calle Iznalloz. To nieprawda \u017ce o tej porze roku w Hiszpanii to tylko palmy i s\u0142o\u0144ce. Ja akurat trafi\u0142em (i to na po\u0142udniu kraju) na paskudn\u0105 jesie\u0144 z ulewnym deszczem, kt\u00f3ry akurat po raz kolejny tego dnia na chwil\u0119 przesta\u0142 pada\u0107, ods\u0142aniaj\u0105c przy okazji kawa\u0142ek krajobrazu. Jedynie temperatura by\u0142a ca\u0142kowicie akceptowalna &#8211; oko\u0142o 15 [&hellip;]<\/p>\n","protected":false},"author":1,"featured_media":17253,"comment_status":"open","ping_status":"","sticky":false,"template":"","format":"standard","meta":{"footnotes":""},"categories":[156,3],"tags":[163,157,158,159,160,126,161],"class_list":["post-17252","post","type-post","status-publish","format-standard","has-post-thumbnail","hentry","category-rok-2018","category-tramwaj","tag-2018-11-19","tag-caf-urbos","tag-granada","tag-hiszpania","tag-hiszpania-2018","tag-jesien","tag-metro-de-granada"],"_links":{"self":[{"href":"http:\/\/wgphoto.pl\/t\/index.php?rest_route=\/wp\/v2\/posts\/17252","targetHints":{"allow":["GET"]}}],"collection":[{"href":"http:\/\/wgphoto.pl\/t\/index.php?rest_route=\/wp\/v2\/posts"}],"about":[{"href":"http:\/\/wgphoto.pl\/t\/index.php?rest_route=\/wp\/v2\/types\/post"}],"author":[{"embeddable":true,"href":"http:\/\/wgphoto.pl\/t\/index.php?rest_route=\/wp\/v2\/users\/1"}],"replies":[{"embeddable":true,"href":"http:\/\/wgphoto.pl\/t\/index.php?rest_route=%2Fwp%2Fv2%2Fcomments&post=17252"}],"version-history":[{"count":1,"href":"http:\/\/wgphoto.pl\/t\/index.php?rest_route=\/wp\/v2\/posts\/17252\/revisions"}],"predecessor-version":[{"id":17254,"href":"http:\/\/wgphoto.pl\/t\/index.php?rest_route=\/wp\/v2\/posts\/17252\/revisions\/17254"}],"wp:featuredmedia":[{"embeddable":true,"href":"http:\/\/wgphoto.pl\/t\/index.php?rest_route=\/wp\/v2\/media\/17253"}],"wp:attachment":[{"href":"http:\/\/wgphoto.pl\/t\/index.php?rest_route=%2Fwp%2Fv2%2Fmedia&parent=17252"}],"wp:term":[{"taxonomy":"category","embeddable":true,"href":"http:\/\/wgphoto.pl\/t\/index.php?rest_route=%2Fwp%2Fv2%2Fcategories&post=17252"},{"taxonomy":"post_tag","embeddable":true,"href":"http:\/\/wgphoto.pl\/t\/index.php?rest_route=%2Fwp%2Fv2%2Ftags&post=17252"}],"curies":[{"name":"wp","href":"https:\/\/api.w.org\/{rel}","templated":true}]}}