{"id":17261,"date":"2025-05-24T21:27:27","date_gmt":"2025-05-24T19:27:27","guid":{"rendered":"https:\/\/wgphoto.pl\/t\/?p=17261"},"modified":"2025-05-24T21:27:27","modified_gmt":"2025-05-24T19:27:27","slug":"kiedys-byl-tu-wezel","status":"publish","type":"post","link":"http:\/\/wgphoto.pl\/t\/?p=17261","title":{"rendered":"Kiedy\u015b by\u0142 tu w\u0119ze\u0142"},"content":{"rendered":"\n<figure class=\"wp-block-image aligncenter size-full\"><img loading=\"lazy\" decoding=\"async\" width=\"1200\" height=\"803\" src=\"https:\/\/wgphoto.pl\/t\/wp-content\/uploads\/2025\/05\/IMGP0421-1.jpg\" alt=\"\" class=\"wp-image-17263\" srcset=\"http:\/\/wgphoto.pl\/t\/wp-content\/uploads\/2025\/05\/IMGP0421-1.jpg 1200w, http:\/\/wgphoto.pl\/t\/wp-content\/uploads\/2025\/05\/IMGP0421-1-300x201.jpg 300w, http:\/\/wgphoto.pl\/t\/wp-content\/uploads\/2025\/05\/IMGP0421-1-768x514.jpg 768w\" sizes=\"auto, (max-width: 1200px) 100vw, 1200px\" \/><\/figure>\n\n\n\n<div class=\"wp-block-group has-global-padding is-layout-constrained wp-block-group-is-layout-constrained\">\n<p>810 431-7 jako poc. 23603 rel. Vidnava &#8211; Javorn\u00edk ve Slezsku mija bez zatrzymania Bernartice u Javorn\u00edka &#8211; obecnie przystanek na \u017c\u0105danie, a do roku 1945 w\u0119z\u0142ow\u0105 stacj\u0119, sk\u0105d wybiega\u0142a linia do Otmuchowa. To t\u0142umaczy, sk\u0105d na wiosce taki du\u017cy budynek. 27.10.2009<\/p>\n<\/div>\n","protected":false},"excerpt":{"rendered":"<p>810 431-7 jako poc. 23603 rel. Vidnava &#8211; Javorn\u00edk ve Slezsku mija bez zatrzymania Bernartice u Javorn\u00edka &#8211; obecnie przystanek na \u017c\u0105danie, a do roku 1945 w\u0119z\u0142ow\u0105 stacj\u0119, sk\u0105d wybiega\u0142a linia do Otmuchowa. To t\u0142umaczy, sk\u0105d na wiosce taki du\u017cy budynek. 27.10.2009<\/p>\n","protected":false},"author":1,"featured_media":17263,"comment_status":"open","ping_status":"","sticky":false,"template":"","format":"standard","meta":{"footnotes":""},"categories":[2,169],"tags":[1979,92,3822,50,49,173,196,3420],"class_list":["post-17261","post","type-post","status-publish","format-standard","has-post-thumbnail","hentry","category-kolej","category-rok-2009","tag-2009-10-27","tag-92","tag-bernartice-u-javornika","tag-cd","tag-czechy","tag-koncowki","tag-linie-raczej-lokalne","tag-tab-cz295"],"_links":{"self":[{"href":"http:\/\/wgphoto.pl\/t\/index.php?rest_route=\/wp\/v2\/posts\/17261","targetHints":{"allow":["GET"]}}],"collection":[{"href":"http:\/\/wgphoto.pl\/t\/index.php?rest_route=\/wp\/v2\/posts"}],"about":[{"href":"http:\/\/wgphoto.pl\/t\/index.php?rest_route=\/wp\/v2\/types\/post"}],"author":[{"embeddable":true,"href":"http:\/\/wgphoto.pl\/t\/index.php?rest_route=\/wp\/v2\/users\/1"}],"replies":[{"embeddable":true,"href":"http:\/\/wgphoto.pl\/t\/index.php?rest_route=%2Fwp%2Fv2%2Fcomments&post=17261"}],"version-history":[{"count":1,"href":"http:\/\/wgphoto.pl\/t\/index.php?rest_route=\/wp\/v2\/posts\/17261\/revisions"}],"predecessor-version":[{"id":17264,"href":"http:\/\/wgphoto.pl\/t\/index.php?rest_route=\/wp\/v2\/posts\/17261\/revisions\/17264"}],"wp:featuredmedia":[{"embeddable":true,"href":"http:\/\/wgphoto.pl\/t\/index.php?rest_route=\/wp\/v2\/media\/17263"}],"wp:attachment":[{"href":"http:\/\/wgphoto.pl\/t\/index.php?rest_route=%2Fwp%2Fv2%2Fmedia&parent=17261"}],"wp:term":[{"taxonomy":"category","embeddable":true,"href":"http:\/\/wgphoto.pl\/t\/index.php?rest_route=%2Fwp%2Fv2%2Fcategories&post=17261"},{"taxonomy":"post_tag","embeddable":true,"href":"http:\/\/wgphoto.pl\/t\/index.php?rest_route=%2Fwp%2Fv2%2Ftags&post=17261"}],"curies":[{"name":"wp","href":"https:\/\/api.w.org\/{rel}","templated":true}]}}