{"id":17328,"date":"2025-05-24T21:56:46","date_gmt":"2025-05-24T19:56:46","guid":{"rendered":"https:\/\/wgphoto.pl\/t\/?p=17328"},"modified":"2025-05-24T21:56:46","modified_gmt":"2025-05-24T19:56:46","slug":"czlowiek-przy-torze","status":"publish","type":"post","link":"http:\/\/wgphoto.pl\/t\/?p=17328","title":{"rendered":"Cz\u0142owiek przy torze"},"content":{"rendered":"\n<figure class=\"wp-block-image aligncenter size-full\"><img loading=\"lazy\" decoding=\"async\" width=\"1200\" height=\"675\" src=\"https:\/\/wgphoto.pl\/t\/wp-content\/uploads\/2025\/05\/0902-35.jpg\" alt=\"\" class=\"wp-image-17329\" srcset=\"http:\/\/wgphoto.pl\/t\/wp-content\/uploads\/2025\/05\/0902-35.jpg 1200w, http:\/\/wgphoto.pl\/t\/wp-content\/uploads\/2025\/05\/0902-35-300x169.jpg 300w, http:\/\/wgphoto.pl\/t\/wp-content\/uploads\/2025\/05\/0902-35-768x432.jpg 768w\" sizes=\"auto, (max-width: 1200px) 100vw, 1200px\" \/><\/figure>\n\n\n\n<div class=\"wp-block-group has-global-padding is-layout-constrained wp-block-group-is-layout-constrained\">\n<p>EN57-1146 pokonuje kolejne kilometry w drodze do Jerzmanic-Zdroju. Na zdj\u0119ciu z\u0142apany mi\u0119dzy przystankami Wilczyce i Koz\u00f3w. Pierwszego z nich po reaktywacji przewoz\u00f3w pasa\u017cerskich nie uruchomiono. Od Paw\u0142owic Ma\u0142ych do Kozowa (lokalizacja naci\u0105gana &#8211; od stacji do tych miejscowo\u015bci jest kawa\u0142 drogi) linia kolejowa prowadzi dok\u0142adnie wzd\u0142u\u017c drogi wojew\u00f3dzkiej z Legnicy do Z\u0142otoryi. Puste jednostki EN57 tocz\u0105ce si\u0119 nie szybciej jak 40 km\/h dope\u0142niaj\u0105 obrazu reaktywowanej linii. Co za\u015b si\u0119 uj\u0119cia tyczy, wymy\u015bli\u0142em sobie kadr z perspektyw\u0105 toru, drogi i drzew, lecz wsp\u00f3\u0142focista mia\u0142 inny koncept, a \u017ce zaj\u0119cie pozycji nast\u0105pi\u0142o zapewne w ostatniej chwili, wszak gonili\u015bmy poci\u0105g, to nie by\u0142o czasu na ustalenie wsp\u00f3lnej wersji. 14.03.2009<\/p>\n<\/div>\n","protected":false},"excerpt":{"rendered":"<p>EN57-1146 pokonuje kolejne kilometry w drodze do Jerzmanic-Zdroju. Na zdj\u0119ciu z\u0142apany mi\u0119dzy przystankami Wilczyce i Koz\u00f3w. Pierwszego z nich po reaktywacji przewoz\u00f3w pasa\u017cerskich nie uruchomiono. Od Paw\u0142owic Ma\u0142ych do Kozowa (lokalizacja naci\u0105gana &#8211; od stacji do tych miejscowo\u015bci jest kawa\u0142 drogi) linia kolejowa prowadzi dok\u0142adnie wzd\u0142u\u017c drogi wojew\u00f3dzkiej z Legnicy do Z\u0142otoryi. Puste jednostki EN57 [&hellip;]<\/p>\n","protected":false},"author":1,"featured_media":17329,"comment_status":"open","ping_status":"","sticky":false,"template":"","format":"standard","meta":{"footnotes":""},"categories":[62,2,169],"tags":[2011,132,173,3832,151,63,118,27,2012,3833],"class_list":["post-17328","post","type-post","status-publish","format-standard","has-post-thumbnail","hentry","category-analog","category-kolej","category-rok-2009","tag-2009-03-14","tag-en57","tag-koncowki","tag-kozow","tag-ludzie","tag-pkp","tag-plany-i-profile","tag-polska","tag-tab-pl249","tag-wilczyce"],"_links":{"self":[{"href":"http:\/\/wgphoto.pl\/t\/index.php?rest_route=\/wp\/v2\/posts\/17328","targetHints":{"allow":["GET"]}}],"collection":[{"href":"http:\/\/wgphoto.pl\/t\/index.php?rest_route=\/wp\/v2\/posts"}],"about":[{"href":"http:\/\/wgphoto.pl\/t\/index.php?rest_route=\/wp\/v2\/types\/post"}],"author":[{"embeddable":true,"href":"http:\/\/wgphoto.pl\/t\/index.php?rest_route=\/wp\/v2\/users\/1"}],"replies":[{"embeddable":true,"href":"http:\/\/wgphoto.pl\/t\/index.php?rest_route=%2Fwp%2Fv2%2Fcomments&post=17328"}],"version-history":[{"count":1,"href":"http:\/\/wgphoto.pl\/t\/index.php?rest_route=\/wp\/v2\/posts\/17328\/revisions"}],"predecessor-version":[{"id":17330,"href":"http:\/\/wgphoto.pl\/t\/index.php?rest_route=\/wp\/v2\/posts\/17328\/revisions\/17330"}],"wp:featuredmedia":[{"embeddable":true,"href":"http:\/\/wgphoto.pl\/t\/index.php?rest_route=\/wp\/v2\/media\/17329"}],"wp:attachment":[{"href":"http:\/\/wgphoto.pl\/t\/index.php?rest_route=%2Fwp%2Fv2%2Fmedia&parent=17328"}],"wp:term":[{"taxonomy":"category","embeddable":true,"href":"http:\/\/wgphoto.pl\/t\/index.php?rest_route=%2Fwp%2Fv2%2Fcategories&post=17328"},{"taxonomy":"post_tag","embeddable":true,"href":"http:\/\/wgphoto.pl\/t\/index.php?rest_route=%2Fwp%2Fv2%2Ftags&post=17328"}],"curies":[{"name":"wp","href":"https:\/\/api.w.org\/{rel}","templated":true}]}}