{"id":1734,"date":"2024-10-06T20:24:15","date_gmt":"2024-10-06T18:24:15","guid":{"rendered":"https:\/\/wgphoto.pl\/t\/?p=1734"},"modified":"2024-10-06T20:24:15","modified_gmt":"2024-10-06T18:24:15","slug":"autoportret","status":"publish","type":"post","link":"http:\/\/wgphoto.pl\/t\/?p=1734","title":{"rendered":"Autoportret"},"content":{"rendered":"\n<figure class=\"wp-block-image aligncenter size-full\"><img loading=\"lazy\" decoding=\"async\" width=\"1200\" height=\"796\" src=\"https:\/\/wgphoto.pl\/t\/wp-content\/uploads\/2024\/10\/0319-28.jpg\" alt=\"\" class=\"wp-image-1735\" srcset=\"http:\/\/wgphoto.pl\/t\/wp-content\/uploads\/2024\/10\/0319-28.jpg 1200w, http:\/\/wgphoto.pl\/t\/wp-content\/uploads\/2024\/10\/0319-28-300x199.jpg 300w, http:\/\/wgphoto.pl\/t\/wp-content\/uploads\/2024\/10\/0319-28-768x509.jpg 768w\" sizes=\"auto, (max-width: 1200px) 100vw, 1200px\" \/><\/figure>\n\n\n\n<div class=\"wp-block-group has-global-padding is-layout-constrained wp-block-group-is-layout-constrained\">\n<p>SU45-130 p\u00f3\u017anym popo\u0142udniem przyprowadzi\u0142a do Suwa\u0142k poci\u0105g pospieszny 79103 &#8222;Konopnicka&#8221; z Warszawy Zachodniej. 09.07.2003<\/p>\n<\/div>\n","protected":false},"excerpt":{"rendered":"<p>SU45-130 p\u00f3\u017anym popo\u0142udniem przyprowadzi\u0142a do Suwa\u0142k poci\u0105g pospieszny 79103 &#8222;Konopnicka&#8221; z Warszawy Zachodniej. 09.07.2003<\/p>\n","protected":false},"author":1,"featured_media":1735,"comment_status":"open","ping_status":"","sticky":false,"template":"","format":"standard","meta":{"footnotes":""},"categories":[62,2,149],"tags":[901,63,27,181,290,589,643],"class_list":["post-1734","post","type-post","status-publish","format-standard","has-post-thumbnail","hentry","category-analog","category-kolej","category-rok-2003","tag-2003-07-09","tag-pkp","tag-polska","tag-slonce","tag-su45","tag-suwalki","tag-tab-pl530"],"_links":{"self":[{"href":"http:\/\/wgphoto.pl\/t\/index.php?rest_route=\/wp\/v2\/posts\/1734","targetHints":{"allow":["GET"]}}],"collection":[{"href":"http:\/\/wgphoto.pl\/t\/index.php?rest_route=\/wp\/v2\/posts"}],"about":[{"href":"http:\/\/wgphoto.pl\/t\/index.php?rest_route=\/wp\/v2\/types\/post"}],"author":[{"embeddable":true,"href":"http:\/\/wgphoto.pl\/t\/index.php?rest_route=\/wp\/v2\/users\/1"}],"replies":[{"embeddable":true,"href":"http:\/\/wgphoto.pl\/t\/index.php?rest_route=%2Fwp%2Fv2%2Fcomments&post=1734"}],"version-history":[{"count":1,"href":"http:\/\/wgphoto.pl\/t\/index.php?rest_route=\/wp\/v2\/posts\/1734\/revisions"}],"predecessor-version":[{"id":1736,"href":"http:\/\/wgphoto.pl\/t\/index.php?rest_route=\/wp\/v2\/posts\/1734\/revisions\/1736"}],"wp:featuredmedia":[{"embeddable":true,"href":"http:\/\/wgphoto.pl\/t\/index.php?rest_route=\/wp\/v2\/media\/1735"}],"wp:attachment":[{"href":"http:\/\/wgphoto.pl\/t\/index.php?rest_route=%2Fwp%2Fv2%2Fmedia&parent=1734"}],"wp:term":[{"taxonomy":"category","embeddable":true,"href":"http:\/\/wgphoto.pl\/t\/index.php?rest_route=%2Fwp%2Fv2%2Fcategories&post=1734"},{"taxonomy":"post_tag","embeddable":true,"href":"http:\/\/wgphoto.pl\/t\/index.php?rest_route=%2Fwp%2Fv2%2Ftags&post=1734"}],"curies":[{"name":"wp","href":"https:\/\/api.w.org\/{rel}","templated":true}]}}