{"id":17368,"date":"2025-05-25T13:35:05","date_gmt":"2025-05-25T11:35:05","guid":{"rendered":"https:\/\/wgphoto.pl\/t\/?p=17368"},"modified":"2025-05-25T13:35:05","modified_gmt":"2025-05-25T11:35:05","slug":"zbieg-okolicznosci","status":"publish","type":"post","link":"http:\/\/wgphoto.pl\/t\/?p=17368","title":{"rendered":"Zbieg okoliczno\u015bci"},"content":{"rendered":"\n<figure class=\"wp-block-image aligncenter size-full\"><img loading=\"lazy\" decoding=\"async\" width=\"1400\" height=\"927\" src=\"https:\/\/wgphoto.pl\/t\/wp-content\/uploads\/2025\/05\/IMGP2469.jpg\" alt=\"\" class=\"wp-image-17369\" srcset=\"http:\/\/wgphoto.pl\/t\/wp-content\/uploads\/2025\/05\/IMGP2469.jpg 1400w, http:\/\/wgphoto.pl\/t\/wp-content\/uploads\/2025\/05\/IMGP2469-300x199.jpg 300w, http:\/\/wgphoto.pl\/t\/wp-content\/uploads\/2025\/05\/IMGP2469-768x509.jpg 768w\" sizes=\"auto, (max-width: 1400px) 100vw, 1400px\" \/><\/figure>\n\n\n\n<div class=\"wp-block-group has-global-padding is-layout-constrained wp-block-group-is-layout-constrained\">\n<p>T478.2006 (oficjalnie 751.236) z poci\u0105giem specjalnym z Pragi najprawdopodobniej do J\u00edlov\u00e9ho u Prahy na malowniczym odcinku Petrov u Prahy &#8211; Luka pod Medn\u00edkem, wiod\u0105cym wzd\u0142u\u017c S\u00e1zavy, kt\u00f3ra p\u0142ynie dobre 40 metr\u00f3w ni\u017cej. Lokomotywa wyprodukowana w 1969 roku do 2018 s\u0142u\u017cy\u0142a w \u010cD Cargo, nast\u0119pnie zosta\u0142a prekazana sp\u00f3\u0142ce Pos\u00e1zavsk\u00fd Pacifik &#8211; doprava jako pojazd historyczny. Poci\u0105gu natomiast si\u0119 nie spodziewa\u0142em, gdy\u017c to jaki\u015b wynajem nieuj\u0119ty w rozk\u0142adzie jazdy. Traf chcia\u0142, \u017ce w tym czasie eksplorowa\u0142em sobie akurat t\u0119 a nie inn\u0105 ska\u0142k\u0119, a sk\u0142ad pasuje do tego uj\u0119cia idealnie. 18.05.2025<\/p>\n<\/div>\n","protected":false},"excerpt":{"rendered":"<p>T478.2006 (oficjalnie 751.236) z poci\u0105giem specjalnym z Pragi najprawdopodobniej do J\u00edlov\u00e9ho u Prahy na malowniczym odcinku Petrov u Prahy &#8211; Luka pod Medn\u00edkem, wiod\u0105cym wzd\u0142u\u017c S\u00e1zavy, kt\u00f3ra p\u0142ynie dobre 40 metr\u00f3w ni\u017cej. Lokomotywa wyprodukowana w 1969 roku do 2018 s\u0142u\u017cy\u0142a w \u010cD Cargo, nast\u0119pnie zosta\u0142a prekazana sp\u00f3\u0142ce Pos\u00e1zavsk\u00fd Pacifik &#8211; doprava jako pojazd historyczny. Poci\u0105gu [&hellip;]<\/p>\n","protected":false},"author":1,"featured_media":17369,"comment_status":"open","ping_status":"","sticky":false,"template":"","format":"standard","meta":{"footnotes":""},"categories":[2,3208],"tags":[3843,164,49,3842,3839,3841,3844,139,244,2218],"class_list":["post-17368","post","type-post","status-publish","format-standard","has-post-thumbnail","hentry","category-kolej","category-rok-2025","tag-2025-05-18","tag-164","tag-czechy","tag-luka-pod-mednikem","tag-majowka-2025","tag-petrov-u-prahy","tag-posazavsky-pacifik-doprava","tag-retro","tag-skaly","tag-tab-cz210"],"_links":{"self":[{"href":"http:\/\/wgphoto.pl\/t\/index.php?rest_route=\/wp\/v2\/posts\/17368","targetHints":{"allow":["GET"]}}],"collection":[{"href":"http:\/\/wgphoto.pl\/t\/index.php?rest_route=\/wp\/v2\/posts"}],"about":[{"href":"http:\/\/wgphoto.pl\/t\/index.php?rest_route=\/wp\/v2\/types\/post"}],"author":[{"embeddable":true,"href":"http:\/\/wgphoto.pl\/t\/index.php?rest_route=\/wp\/v2\/users\/1"}],"replies":[{"embeddable":true,"href":"http:\/\/wgphoto.pl\/t\/index.php?rest_route=%2Fwp%2Fv2%2Fcomments&post=17368"}],"version-history":[{"count":1,"href":"http:\/\/wgphoto.pl\/t\/index.php?rest_route=\/wp\/v2\/posts\/17368\/revisions"}],"predecessor-version":[{"id":17370,"href":"http:\/\/wgphoto.pl\/t\/index.php?rest_route=\/wp\/v2\/posts\/17368\/revisions\/17370"}],"wp:featuredmedia":[{"embeddable":true,"href":"http:\/\/wgphoto.pl\/t\/index.php?rest_route=\/wp\/v2\/media\/17369"}],"wp:attachment":[{"href":"http:\/\/wgphoto.pl\/t\/index.php?rest_route=%2Fwp%2Fv2%2Fmedia&parent=17368"}],"wp:term":[{"taxonomy":"category","embeddable":true,"href":"http:\/\/wgphoto.pl\/t\/index.php?rest_route=%2Fwp%2Fv2%2Fcategories&post=17368"},{"taxonomy":"post_tag","embeddable":true,"href":"http:\/\/wgphoto.pl\/t\/index.php?rest_route=%2Fwp%2Fv2%2Ftags&post=17368"}],"curies":[{"name":"wp","href":"https:\/\/api.w.org\/{rel}","templated":true}]}}