{"id":17393,"date":"2025-05-25T15:43:30","date_gmt":"2025-05-25T13:43:30","guid":{"rendered":"https:\/\/wgphoto.pl\/t\/?p=17393"},"modified":"2025-05-25T15:43:30","modified_gmt":"2025-05-25T13:43:30","slug":"atramentowy-zmierzch","status":"publish","type":"post","link":"http:\/\/wgphoto.pl\/t\/?p=17393","title":{"rendered":"Atramentowy zmierzch"},"content":{"rendered":"\n<figure class=\"wp-block-image aligncenter size-full\"><img loading=\"lazy\" decoding=\"async\" width=\"1200\" height=\"795\" src=\"https:\/\/wgphoto.pl\/t\/wp-content\/uploads\/2025\/05\/IMGP2240.jpg\" alt=\"\" class=\"wp-image-17394\" srcset=\"http:\/\/wgphoto.pl\/t\/wp-content\/uploads\/2025\/05\/IMGP2240.jpg 1200w, http:\/\/wgphoto.pl\/t\/wp-content\/uploads\/2025\/05\/IMGP2240-300x199.jpg 300w, http:\/\/wgphoto.pl\/t\/wp-content\/uploads\/2025\/05\/IMGP2240-768x509.jpg 768w\" sizes=\"auto, (max-width: 1200px) 100vw, 1200px\" \/><\/figure>\n\n\n\n<div class=\"wp-block-group has-global-padding is-layout-constrained wp-block-group-is-layout-constrained\">\n<p>Timisoara, Strada 9 Mai. Zmierzch nad centrum miasta. Toczy\u0142o si\u0119 tam nawet jakie\u015b \u017cycie i by\u0142o zupe\u0142nie przyjemnie. A zdj\u0119ciem jestem pozytywnie zaskoczony. Pami\u0119ta\u0142em, \u017ce takie mam, ale nie s\u0105dzi\u0142em \u017ce to sk\u0105pe \u015bwiat\u0142o nada takiego tajemniczego klimatu. 19.08.2015<\/p>\n<\/div>\n","protected":false},"excerpt":{"rendered":"<p>Timisoara, Strada 9 Mai. Zmierzch nad centrum miasta. Toczy\u0142o si\u0119 tam nawet jakie\u015b \u017cycie i by\u0142o zupe\u0142nie przyjemnie. A zdj\u0119ciem jestem pozytywnie zaskoczony. Pami\u0119ta\u0142em, \u017ce takie mam, ale nie s\u0105dzi\u0142em \u017ce to sk\u0105pe \u015bwiat\u0142o nada takiego tajemniczego klimatu. 19.08.2015<\/p>\n","protected":false},"author":1,"featured_media":17394,"comment_status":"open","ping_status":"","sticky":false,"template":"","format":"standard","meta":{"footnotes":""},"categories":[104,3],"tags":[1173,91,239,1174,2546,574,1176,107,90],"class_list":["post-17393","post","type-post","status-publish","format-standard","has-post-thumbnail","hentry","category-rok-2015","category-tramwaj","tag-2015-08-19","tag-blue-hour","tag-deptak","tag-gt4","tag-ratt-timisoara-2","tag-rumunia","tag-timisoara","tag-wakacje-2015","tag-wieczorem"],"_links":{"self":[{"href":"http:\/\/wgphoto.pl\/t\/index.php?rest_route=\/wp\/v2\/posts\/17393","targetHints":{"allow":["GET"]}}],"collection":[{"href":"http:\/\/wgphoto.pl\/t\/index.php?rest_route=\/wp\/v2\/posts"}],"about":[{"href":"http:\/\/wgphoto.pl\/t\/index.php?rest_route=\/wp\/v2\/types\/post"}],"author":[{"embeddable":true,"href":"http:\/\/wgphoto.pl\/t\/index.php?rest_route=\/wp\/v2\/users\/1"}],"replies":[{"embeddable":true,"href":"http:\/\/wgphoto.pl\/t\/index.php?rest_route=%2Fwp%2Fv2%2Fcomments&post=17393"}],"version-history":[{"count":1,"href":"http:\/\/wgphoto.pl\/t\/index.php?rest_route=\/wp\/v2\/posts\/17393\/revisions"}],"predecessor-version":[{"id":17395,"href":"http:\/\/wgphoto.pl\/t\/index.php?rest_route=\/wp\/v2\/posts\/17393\/revisions\/17395"}],"wp:featuredmedia":[{"embeddable":true,"href":"http:\/\/wgphoto.pl\/t\/index.php?rest_route=\/wp\/v2\/media\/17394"}],"wp:attachment":[{"href":"http:\/\/wgphoto.pl\/t\/index.php?rest_route=%2Fwp%2Fv2%2Fmedia&parent=17393"}],"wp:term":[{"taxonomy":"category","embeddable":true,"href":"http:\/\/wgphoto.pl\/t\/index.php?rest_route=%2Fwp%2Fv2%2Fcategories&post=17393"},{"taxonomy":"post_tag","embeddable":true,"href":"http:\/\/wgphoto.pl\/t\/index.php?rest_route=%2Fwp%2Fv2%2Ftags&post=17393"}],"curies":[{"name":"wp","href":"https:\/\/api.w.org\/{rel}","templated":true}]}}