{"id":17408,"date":"2025-05-25T15:49:06","date_gmt":"2025-05-25T13:49:06","guid":{"rendered":"https:\/\/wgphoto.pl\/t\/?p=17408"},"modified":"2025-05-25T15:49:06","modified_gmt":"2025-05-25T13:49:06","slug":"barwy-jak-najbardziej-miejskie","status":"publish","type":"post","link":"http:\/\/wgphoto.pl\/t\/?p=17408","title":{"rendered":"Barwy jak najbardziej miejskie"},"content":{"rendered":"\n<figure class=\"wp-block-image aligncenter size-full\"><img loading=\"lazy\" decoding=\"async\" width=\"1200\" height=\"800\" src=\"https:\/\/wgphoto.pl\/t\/wp-content\/uploads\/2025\/05\/IMGP2406.jpg\" alt=\"\" class=\"wp-image-17409\" srcset=\"http:\/\/wgphoto.pl\/t\/wp-content\/uploads\/2025\/05\/IMGP2406.jpg 1200w, http:\/\/wgphoto.pl\/t\/wp-content\/uploads\/2025\/05\/IMGP2406-300x200.jpg 300w, http:\/\/wgphoto.pl\/t\/wp-content\/uploads\/2025\/05\/IMGP2406-768x512.jpg 768w\" sizes=\"auto, (max-width: 1200px) 100vw, 1200px\" \/><\/figure>\n\n\n\n<div class=\"wp-block-group has-global-padding is-layout-constrained wp-block-group-is-layout-constrained\">\n<p>Tramwaj polskiej produkcji odje\u017cd\u017ca spod pi\u0119knego budynku dworca w Segedynie. Wiadomo ju\u017c, na czym si\u0119 wzorowano wybieraj\u0105c malowanie Swinga &#8211; nawet kremowy pasek si\u0119 zgadza. \ud83d\ude09 20.08.2015<\/p>\n<\/div>\n","protected":false},"excerpt":{"rendered":"<p>Tramwaj polskiej produkcji odje\u017cd\u017ca spod pi\u0119knego budynku dworca w Segedynie. Wiadomo ju\u017c, na czym si\u0119 wzorowano wybieraj\u0105c malowanie Swinga &#8211; nawet kremowy pasek si\u0119 zgadza. \ud83d\ude09 20.08.2015<\/p>\n","protected":false},"author":1,"featured_media":17409,"comment_status":"open","ping_status":"","sticky":false,"template":"","format":"standard","meta":{"footnotes":""},"categories":[104,3],"tags":[1301,34,1161,106,380,1790,107,105],"class_list":["post-17408","post","type-post","status-publish","format-standard","has-post-thumbnail","hentry","category-rok-2015","category-tramwaj","tag-2015-08-20","tag-architektura","tag-pesa-swing","tag-segedyn","tag-spod-dworca","tag-szkt-szeged","tag-wakacje-2015","tag-wegry"],"_links":{"self":[{"href":"http:\/\/wgphoto.pl\/t\/index.php?rest_route=\/wp\/v2\/posts\/17408","targetHints":{"allow":["GET"]}}],"collection":[{"href":"http:\/\/wgphoto.pl\/t\/index.php?rest_route=\/wp\/v2\/posts"}],"about":[{"href":"http:\/\/wgphoto.pl\/t\/index.php?rest_route=\/wp\/v2\/types\/post"}],"author":[{"embeddable":true,"href":"http:\/\/wgphoto.pl\/t\/index.php?rest_route=\/wp\/v2\/users\/1"}],"replies":[{"embeddable":true,"href":"http:\/\/wgphoto.pl\/t\/index.php?rest_route=%2Fwp%2Fv2%2Fcomments&post=17408"}],"version-history":[{"count":1,"href":"http:\/\/wgphoto.pl\/t\/index.php?rest_route=\/wp\/v2\/posts\/17408\/revisions"}],"predecessor-version":[{"id":17410,"href":"http:\/\/wgphoto.pl\/t\/index.php?rest_route=\/wp\/v2\/posts\/17408\/revisions\/17410"}],"wp:featuredmedia":[{"embeddable":true,"href":"http:\/\/wgphoto.pl\/t\/index.php?rest_route=\/wp\/v2\/media\/17409"}],"wp:attachment":[{"href":"http:\/\/wgphoto.pl\/t\/index.php?rest_route=%2Fwp%2Fv2%2Fmedia&parent=17408"}],"wp:term":[{"taxonomy":"category","embeddable":true,"href":"http:\/\/wgphoto.pl\/t\/index.php?rest_route=%2Fwp%2Fv2%2Fcategories&post=17408"},{"taxonomy":"post_tag","embeddable":true,"href":"http:\/\/wgphoto.pl\/t\/index.php?rest_route=%2Fwp%2Fv2%2Ftags&post=17408"}],"curies":[{"name":"wp","href":"https:\/\/api.w.org\/{rel}","templated":true}]}}