{"id":17411,"date":"2025-05-25T15:49:57","date_gmt":"2025-05-25T13:49:57","guid":{"rendered":"https:\/\/wgphoto.pl\/t\/?p=17411"},"modified":"2025-05-25T15:49:57","modified_gmt":"2025-05-25T13:49:57","slug":"porta-heroum","status":"publish","type":"post","link":"http:\/\/wgphoto.pl\/t\/?p=17411","title":{"rendered":"Porta Heroum"},"content":{"rendered":"\n<figure class=\"wp-block-image aligncenter size-full\"><img loading=\"lazy\" decoding=\"async\" width=\"1200\" height=\"795\" src=\"https:\/\/wgphoto.pl\/t\/wp-content\/uploads\/2025\/05\/IMGP2656.jpg\" alt=\"\" class=\"wp-image-17412\" srcset=\"http:\/\/wgphoto.pl\/t\/wp-content\/uploads\/2025\/05\/IMGP2656.jpg 1200w, http:\/\/wgphoto.pl\/t\/wp-content\/uploads\/2025\/05\/IMGP2656-300x199.jpg 300w, http:\/\/wgphoto.pl\/t\/wp-content\/uploads\/2025\/05\/IMGP2656-768x509.jpg 768w\" sizes=\"auto, (max-width: 1200px) 100vw, 1200px\" \/><\/figure>\n\n\n\n<div class=\"wp-block-group has-global-padding is-layout-constrained wp-block-group-is-layout-constrained\">\n<p>Segedyn, Boldogasszony sug\u00e1r\u00fat. W\u0119gierskiej produkcji wehiku\u0142 przeje\u017cd\u017ca przez Porta Heroum &#8211; instalacj\u0119 nawi\u0105zuj\u0105c\u0105 do I wojny \u015bwiatowej. Co za\u015b si\u0119 tramwaju tyczy &#8211; jeden taki pojazd z 1977 roku (bez patrzenia w metryczk\u0119 obstawia\u0142bym co najwy\u017cej 1957\u2026) zosta\u0142 odmalowany w historyczne barwy przez miejscowych tramwajarzy i wystawiany by\u0142 na drug\u0105 zmian\u0119 na epizodycznej linii 1, obs\u0142ugiwanej jedn\u0105 brygad\u0105 z cz\u0119stotliwo\u015bci\u0105 rz\u0119du godziny. Na pierwszej zmianie kursowa\u0142y Tatry T6. 21.08.2015<\/p>\n<\/div>\n","protected":false},"excerpt":{"rendered":"<p>Segedyn, Boldogasszony sug\u00e1r\u00fat. W\u0119gierskiej produkcji wehiku\u0142 przeje\u017cd\u017ca przez Porta Heroum &#8211; instalacj\u0119 nawi\u0105zuj\u0105c\u0105 do I wojny \u015bwiatowej. Co za\u015b si\u0119 tramwaju tyczy &#8211; jeden taki pojazd z 1977 roku (bez patrzenia w metryczk\u0119 obstawia\u0142bym co najwy\u017cej 1957\u2026) zosta\u0142 odmalowany w historyczne barwy przez miejscowych tramwajarzy i wystawiany by\u0142 na drug\u0105 zmian\u0119 na epizodycznej linii 1, [&hellip;]<\/p>\n","protected":false},"author":1,"featured_media":17412,"comment_status":"open","ping_status":"","sticky":false,"template":"","format":"standard","meta":{"footnotes":""},"categories":[104,3],"tags":[109,34,905,139,106,1790,107,105],"class_list":["post-17411","post","type-post","status-publish","format-standard","has-post-thumbnail","hentry","category-rok-2015","category-tramwaj","tag-2015-08-21","tag-architektura","tag-przez","tag-retro","tag-segedyn","tag-szkt-szeged","tag-wakacje-2015","tag-wegry"],"_links":{"self":[{"href":"http:\/\/wgphoto.pl\/t\/index.php?rest_route=\/wp\/v2\/posts\/17411","targetHints":{"allow":["GET"]}}],"collection":[{"href":"http:\/\/wgphoto.pl\/t\/index.php?rest_route=\/wp\/v2\/posts"}],"about":[{"href":"http:\/\/wgphoto.pl\/t\/index.php?rest_route=\/wp\/v2\/types\/post"}],"author":[{"embeddable":true,"href":"http:\/\/wgphoto.pl\/t\/index.php?rest_route=\/wp\/v2\/users\/1"}],"replies":[{"embeddable":true,"href":"http:\/\/wgphoto.pl\/t\/index.php?rest_route=%2Fwp%2Fv2%2Fcomments&post=17411"}],"version-history":[{"count":1,"href":"http:\/\/wgphoto.pl\/t\/index.php?rest_route=\/wp\/v2\/posts\/17411\/revisions"}],"predecessor-version":[{"id":17413,"href":"http:\/\/wgphoto.pl\/t\/index.php?rest_route=\/wp\/v2\/posts\/17411\/revisions\/17413"}],"wp:featuredmedia":[{"embeddable":true,"href":"http:\/\/wgphoto.pl\/t\/index.php?rest_route=\/wp\/v2\/media\/17412"}],"wp:attachment":[{"href":"http:\/\/wgphoto.pl\/t\/index.php?rest_route=%2Fwp%2Fv2%2Fmedia&parent=17411"}],"wp:term":[{"taxonomy":"category","embeddable":true,"href":"http:\/\/wgphoto.pl\/t\/index.php?rest_route=%2Fwp%2Fv2%2Fcategories&post=17411"},{"taxonomy":"post_tag","embeddable":true,"href":"http:\/\/wgphoto.pl\/t\/index.php?rest_route=%2Fwp%2Fv2%2Ftags&post=17411"}],"curies":[{"name":"wp","href":"https:\/\/api.w.org\/{rel}","templated":true}]}}