{"id":17414,"date":"2025-05-25T15:51:08","date_gmt":"2025-05-25T13:51:08","guid":{"rendered":"https:\/\/wgphoto.pl\/t\/?p=17414"},"modified":"2025-05-25T15:51:08","modified_gmt":"2025-05-25T13:51:08","slug":"luksusy-o-poranku","status":"publish","type":"post","link":"http:\/\/wgphoto.pl\/t\/?p=17414","title":{"rendered":"Luksusy o poranku"},"content":{"rendered":"\n<figure class=\"wp-block-image aligncenter size-full\"><img loading=\"lazy\" decoding=\"async\" width=\"1200\" height=\"800\" src=\"https:\/\/wgphoto.pl\/t\/wp-content\/uploads\/2025\/05\/IMGP2702.jpg\" alt=\"\" class=\"wp-image-17415\" srcset=\"http:\/\/wgphoto.pl\/t\/wp-content\/uploads\/2025\/05\/IMGP2702.jpg 1200w, http:\/\/wgphoto.pl\/t\/wp-content\/uploads\/2025\/05\/IMGP2702-300x200.jpg 300w, http:\/\/wgphoto.pl\/t\/wp-content\/uploads\/2025\/05\/IMGP2702-768x512.jpg 768w\" sizes=\"auto, (max-width: 1200px) 100vw, 1200px\" \/><\/figure>\n\n\n\n<div class=\"wp-block-group has-global-padding is-layout-constrained wp-block-group-is-layout-constrained\">\n<p>\u015awiat\u0142o tego poranka zdecydowanie nie by\u0142o fotograficzne, jaka\u015b taka mgie\u0142ka po nocnych opadach si\u0119 utrzymywa\u0142a, ale na po\u017cegnanie z Segedynem musia\u0142em zafoci\u0107 poci\u0105g, kt\u00f3ry mnie zawi\u00f3z\u0142 do Budapesztu. Dopiero przy tej okazji &#8211; a z us\u0142ug kolei w\u0119gierskich korzysta\u0142em ju\u017c wcze\u015bniej kilkukrotnie &#8211; zauwa\u017cy\u0142em \u017ce w jednym sk\u0142adzie znajdowa\u0142y si\u0119 wagony klasy IC, jad\u0105ce jako IC z miejsc\u00f3wkami, oraz polskie &#8222;mechpomy&#8221; bez miejsc\u00f3wek, jad\u0105ce jako pospieszny. Przy zakupie biletu system podsun\u0105\u0142 mi opcj\u0119 miejsc\u00f3wki, z kt\u00f3rej skorzysta\u0142em, wi\u0119c niechc\u0105cy przep\u0142aci\u0142em za luksus. 22.08.2015<\/p>\n<\/div>\n","protected":false},"excerpt":{"rendered":"<p>\u015awiat\u0142o tego poranka zdecydowanie nie by\u0142o fotograficzne, jaka\u015b taka mgie\u0142ka po nocnych opadach si\u0119 utrzymywa\u0142a, ale na po\u017cegnanie z Segedynem musia\u0142em zafoci\u0107 poci\u0105g, kt\u00f3ry mnie zawi\u00f3z\u0142 do Budapesztu. Dopiero przy tej okazji &#8211; a z us\u0142ug kolei w\u0119gierskich korzysta\u0142em ju\u017c wcze\u015bniej kilkukrotnie &#8211; zauwa\u017cy\u0142em \u017ce w jednym sk\u0142adzie znajdowa\u0142y si\u0119 wagony klasy IC, jad\u0105ce jako [&hellip;]<\/p>\n","protected":false},"author":1,"featured_media":17415,"comment_status":"open","ping_status":"","sticky":false,"template":"","format":"standard","meta":{"footnotes":""},"categories":[2,104],"tags":[1703,1402,1813,24,176,106,107,105],"class_list":["post-17414","post","type-post","status-publish","format-standard","has-post-thumbnail","hentry","category-kolej","category-rok-2015","tag-2015-08-22","tag-1402","tag-mav","tag-perony","tag-rano","tag-segedyn","tag-wakacje-2015","tag-wegry"],"_links":{"self":[{"href":"http:\/\/wgphoto.pl\/t\/index.php?rest_route=\/wp\/v2\/posts\/17414","targetHints":{"allow":["GET"]}}],"collection":[{"href":"http:\/\/wgphoto.pl\/t\/index.php?rest_route=\/wp\/v2\/posts"}],"about":[{"href":"http:\/\/wgphoto.pl\/t\/index.php?rest_route=\/wp\/v2\/types\/post"}],"author":[{"embeddable":true,"href":"http:\/\/wgphoto.pl\/t\/index.php?rest_route=\/wp\/v2\/users\/1"}],"replies":[{"embeddable":true,"href":"http:\/\/wgphoto.pl\/t\/index.php?rest_route=%2Fwp%2Fv2%2Fcomments&post=17414"}],"version-history":[{"count":1,"href":"http:\/\/wgphoto.pl\/t\/index.php?rest_route=\/wp\/v2\/posts\/17414\/revisions"}],"predecessor-version":[{"id":17416,"href":"http:\/\/wgphoto.pl\/t\/index.php?rest_route=\/wp\/v2\/posts\/17414\/revisions\/17416"}],"wp:featuredmedia":[{"embeddable":true,"href":"http:\/\/wgphoto.pl\/t\/index.php?rest_route=\/wp\/v2\/media\/17415"}],"wp:attachment":[{"href":"http:\/\/wgphoto.pl\/t\/index.php?rest_route=%2Fwp%2Fv2%2Fmedia&parent=17414"}],"wp:term":[{"taxonomy":"category","embeddable":true,"href":"http:\/\/wgphoto.pl\/t\/index.php?rest_route=%2Fwp%2Fv2%2Fcategories&post=17414"},{"taxonomy":"post_tag","embeddable":true,"href":"http:\/\/wgphoto.pl\/t\/index.php?rest_route=%2Fwp%2Fv2%2Ftags&post=17414"}],"curies":[{"name":"wp","href":"https:\/\/api.w.org\/{rel}","templated":true}]}}