{"id":17420,"date":"2025-05-25T15:53:45","date_gmt":"2025-05-25T13:53:45","guid":{"rendered":"https:\/\/wgphoto.pl\/t\/?p=17420"},"modified":"2025-05-25T15:55:23","modified_gmt":"2025-05-25T13:55:23","slug":"esencja-polskich-torow","status":"publish","type":"post","link":"http:\/\/wgphoto.pl\/t\/?p=17420","title":{"rendered":"Esencja polskich tor\u00f3w"},"content":{"rendered":"\n<figure class=\"wp-block-image aligncenter size-full\"><img loading=\"lazy\" decoding=\"async\" width=\"1200\" height=\"795\" src=\"https:\/\/wgphoto.pl\/t\/wp-content\/uploads\/2025\/05\/IMGP2915.jpg\" alt=\"\" class=\"wp-image-17421\" srcset=\"http:\/\/wgphoto.pl\/t\/wp-content\/uploads\/2025\/05\/IMGP2915.jpg 1200w, http:\/\/wgphoto.pl\/t\/wp-content\/uploads\/2025\/05\/IMGP2915-300x199.jpg 300w, http:\/\/wgphoto.pl\/t\/wp-content\/uploads\/2025\/05\/IMGP2915-768x509.jpg 768w\" sizes=\"auto, (max-width: 1200px) 100vw, 1200px\" \/><\/figure>\n\n\n\n<div class=\"wp-block-group has-global-padding is-layout-constrained wp-block-group-is-layout-constrained\">\n<p>Niedawno przyjecha\u0142em poci\u0105giem z Budapesztu. Wr\u00f3ci\u0142em na ojczyste ziemie po tygodniu sp\u0119dzonym w kilku krajach Europy. Nie zawiod\u0142a\u015b mnie, Polsko! Gdy przy peronie stoi ten nie\u015bmiertelny pojazd, esencja polskich tor\u00f3w, nawet na s\u0142uch i w\u0119ch bezb\u0142\u0119dnie odgadn\u0119, w jakim kraju si\u0119 znajduj\u0119. EN57-1389, Katowice, 23.08.2015<\/p>\n<\/div>\n","protected":false},"excerpt":{"rendered":"<p>Niedawno przyjecha\u0142em poci\u0105giem z Budapesztu. Wr\u00f3ci\u0142em na ojczyste ziemie po tygodniu sp\u0119dzonym w kilku krajach Europy. Nie zawiod\u0142a\u015b mnie, Polsko! Gdy przy peronie stoi ten nie\u015bmiertelny pojazd, esencja polskich tor\u00f3w, nawet na s\u0142uch i w\u0119ch bezb\u0142\u0119dnie odgadn\u0119, w jakim kraju si\u0119 znajduj\u0119. EN57-1389, Katowice, 23.08.2015<\/p>\n","protected":false},"author":1,"featured_media":17421,"comment_status":"open","ping_status":"","sticky":false,"template":"","format":"standard","meta":{"footnotes":""},"categories":[2,104],"tags":[3848,132,277,179,1371,63,27,176,107],"class_list":["post-17420","post","type-post","status-publish","format-standard","has-post-thumbnail","hentry","category-kolej","category-rok-2015","tag-2015-08-23","tag-en57","tag-gop","tag-hala-peronowa","tag-katowice","tag-pkp","tag-polska","tag-rano","tag-wakacje-2015"],"_links":{"self":[{"href":"http:\/\/wgphoto.pl\/t\/index.php?rest_route=\/wp\/v2\/posts\/17420","targetHints":{"allow":["GET"]}}],"collection":[{"href":"http:\/\/wgphoto.pl\/t\/index.php?rest_route=\/wp\/v2\/posts"}],"about":[{"href":"http:\/\/wgphoto.pl\/t\/index.php?rest_route=\/wp\/v2\/types\/post"}],"author":[{"embeddable":true,"href":"http:\/\/wgphoto.pl\/t\/index.php?rest_route=\/wp\/v2\/users\/1"}],"replies":[{"embeddable":true,"href":"http:\/\/wgphoto.pl\/t\/index.php?rest_route=%2Fwp%2Fv2%2Fcomments&post=17420"}],"version-history":[{"count":2,"href":"http:\/\/wgphoto.pl\/t\/index.php?rest_route=\/wp\/v2\/posts\/17420\/revisions"}],"predecessor-version":[{"id":17426,"href":"http:\/\/wgphoto.pl\/t\/index.php?rest_route=\/wp\/v2\/posts\/17420\/revisions\/17426"}],"wp:featuredmedia":[{"embeddable":true,"href":"http:\/\/wgphoto.pl\/t\/index.php?rest_route=\/wp\/v2\/media\/17421"}],"wp:attachment":[{"href":"http:\/\/wgphoto.pl\/t\/index.php?rest_route=%2Fwp%2Fv2%2Fmedia&parent=17420"}],"wp:term":[{"taxonomy":"category","embeddable":true,"href":"http:\/\/wgphoto.pl\/t\/index.php?rest_route=%2Fwp%2Fv2%2Fcategories&post=17420"},{"taxonomy":"post_tag","embeddable":true,"href":"http:\/\/wgphoto.pl\/t\/index.php?rest_route=%2Fwp%2Fv2%2Ftags&post=17420"}],"curies":[{"name":"wp","href":"https:\/\/api.w.org\/{rel}","templated":true}]}}