{"id":17442,"date":"2025-05-25T17:03:47","date_gmt":"2025-05-25T15:03:47","guid":{"rendered":"https:\/\/wgphoto.pl\/t\/?p=17442"},"modified":"2025-05-25T17:03:47","modified_gmt":"2025-05-25T15:03:47","slug":"sp32-096-do-lubawki","status":"publish","type":"post","link":"http:\/\/wgphoto.pl\/t\/?p=17442","title":{"rendered":"SP32-096 do Lubawki"},"content":{"rendered":"\n<figure class=\"wp-block-image aligncenter size-full\"><img loading=\"lazy\" decoding=\"async\" width=\"1200\" height=\"800\" src=\"https:\/\/wgphoto.pl\/t\/wp-content\/uploads\/2025\/05\/2002x-02a.jpg\" alt=\"\" class=\"wp-image-17443\" srcset=\"http:\/\/wgphoto.pl\/t\/wp-content\/uploads\/2025\/05\/2002x-02a.jpg 1200w, http:\/\/wgphoto.pl\/t\/wp-content\/uploads\/2025\/05\/2002x-02a-300x200.jpg 300w, http:\/\/wgphoto.pl\/t\/wp-content\/uploads\/2025\/05\/2002x-02a-768x512.jpg 768w\" sizes=\"auto, (max-width: 1200px) 100vw, 1200px\" \/><\/figure>\n\n\n\n<div class=\"wp-block-group has-global-padding is-layout-constrained wp-block-group-is-layout-constrained\">\n<p>Szlak S\u0119dzis\u0142aw &#8211; Kamienna G\u00f3ra. Poci\u0105g osobowy 7722 z Wa\u0142brzycha G\u0142\u00f3wnego do Lubawki min\u0105\u0142 most nad rzek\u0105 B\u00f3br. 05.10.2002<\/p>\n<\/div>\n","protected":false},"excerpt":{"rendered":"<p>Szlak S\u0119dzis\u0142aw &#8211; Kamienna G\u00f3ra. Poci\u0105g osobowy 7722 z Wa\u0142brzycha G\u0142\u00f3wnego do Lubawki min\u0105\u0142 most nad rzek\u0105 B\u00f3br. 05.10.2002<\/p>\n","protected":false},"author":1,"featured_media":17443,"comment_status":"open","ping_status":"","sticky":false,"template":"","format":"standard","meta":{"footnotes":""},"categories":[62,2,577],"tags":[3639,126,629,45,63,27,1061,385,627,1555],"class_list":["post-17442","post","type-post","status-publish","format-standard","has-post-thumbnail","hentry","category-analog","category-kolej","category-rok-2002","tag-2002-10-05","tag-jesien","tag-kamienna-gora","tag-most","tag-pkp","tag-polska","tag-sedzislaw","tag-sp32","tag-tab-pl247","tag-zwierzyna"],"_links":{"self":[{"href":"http:\/\/wgphoto.pl\/t\/index.php?rest_route=\/wp\/v2\/posts\/17442","targetHints":{"allow":["GET"]}}],"collection":[{"href":"http:\/\/wgphoto.pl\/t\/index.php?rest_route=\/wp\/v2\/posts"}],"about":[{"href":"http:\/\/wgphoto.pl\/t\/index.php?rest_route=\/wp\/v2\/types\/post"}],"author":[{"embeddable":true,"href":"http:\/\/wgphoto.pl\/t\/index.php?rest_route=\/wp\/v2\/users\/1"}],"replies":[{"embeddable":true,"href":"http:\/\/wgphoto.pl\/t\/index.php?rest_route=%2Fwp%2Fv2%2Fcomments&post=17442"}],"version-history":[{"count":1,"href":"http:\/\/wgphoto.pl\/t\/index.php?rest_route=\/wp\/v2\/posts\/17442\/revisions"}],"predecessor-version":[{"id":17444,"href":"http:\/\/wgphoto.pl\/t\/index.php?rest_route=\/wp\/v2\/posts\/17442\/revisions\/17444"}],"wp:featuredmedia":[{"embeddable":true,"href":"http:\/\/wgphoto.pl\/t\/index.php?rest_route=\/wp\/v2\/media\/17443"}],"wp:attachment":[{"href":"http:\/\/wgphoto.pl\/t\/index.php?rest_route=%2Fwp%2Fv2%2Fmedia&parent=17442"}],"wp:term":[{"taxonomy":"category","embeddable":true,"href":"http:\/\/wgphoto.pl\/t\/index.php?rest_route=%2Fwp%2Fv2%2Fcategories&post=17442"},{"taxonomy":"post_tag","embeddable":true,"href":"http:\/\/wgphoto.pl\/t\/index.php?rest_route=%2Fwp%2Fv2%2Ftags&post=17442"}],"curies":[{"name":"wp","href":"https:\/\/api.w.org\/{rel}","templated":true}]}}